{"id":86149,"date":"2021-12-13T07:00:52","date_gmt":"2021-12-13T13:00:52","guid":{"rendered":"https:\/\/www.movemobility.ca\/?p=86149"},"modified":"2024-04-15T14:21:21","modified_gmt":"2024-04-15T19:21:21","slug":"comment-les-seniors-peuvent-ils-surmonter-les-obstacles-au-transport","status":"publish","type":"post","link":"https:\/\/www.movemobility.ca\/fr\/resources\/how-can-senior-citizens-overcome-barriers-to-transportation\/","title":{"rendered":"Comment les personnes \u00e2g\u00e9es peuvent-elles surmonter les obstacles au transport ?"},"content":{"rendered":"<p>Au Canada, les personnes \u00e2g\u00e9es constituent un segment de la population en croissance rapide, et elles vivent plus longtemps et de mani\u00e8re plus autonome que jamais. D'ici 2030, les seniors canadiens seront plus de 9,5 millions et repr\u00e9senteront 23 % des Canadiens.<\/p>\n\n\n\n<div class=\"wp-block-group is-layout-flow wp-block-group-is-layout-flow\"><\/div>\n\n\n\n<h3 class=\"wp-block-heading\">&nbsp;<\/h3>\n\n\n\n<div class=\"wp-block-group is-layout-flow wp-block-group-is-layout-flow\">\n<h3 class=\"wp-block-heading\">En tant que prestataire de services de transport, que devez-vous rechercher lors de l'achat d'un fourgon accessible pour le transport des personnes \u00e2g\u00e9es ?<\/h3>\n\n\n\n<p>Lorsque vous envisagez d'acheter un v\u00e9hicule pour un parc de v\u00e9hicules ou un programme de transport destin\u00e9 aux personnes \u00e2g\u00e9es, vous devez tenir compte des fonctions et caract\u00e9ristiques suivantes.<\/p>\n<\/div>\n\n\n\n<h3 class=\"wp-block-heading\">&nbsp;<\/h3>\n\n\n\n<div class=\"wp-block-group is-layout-flow wp-block-group-is-layout-flow\">\n<h3 class=\"wp-block-heading\">Acc\u00e8s aux fourgonnettes sans barri\u00e8res<\/h3>\n\n\n\n<p>Dans le cadre du processus normal de vieillissement, de nombreuses personnes d\u00e9veloppent des probl\u00e8mes de mobilit\u00e9 qui peuvent rendre difficile le franchissement de marches ou de marchepieds pour entrer et sortir d'un v\u00e9hicule de mani\u00e8re autonome.<\/p>\n\n\n\n<p>Un syst\u00e8me d'entr\u00e9e sans obstacle comprend une rampe avec des garde-corps et des poign\u00e9es de maintien, permettant aux passagers d'entrer et de sortir du v\u00e9hicule en toute s\u00e9curit\u00e9 et de mani\u00e8re ind\u00e9pendante, qu'ils utilisent une canne, un d\u00e9ambulateur ou qu'ils soient en fauteuil roulant.<\/p>\n\n\n\n<figure class=\"wp-block-image\"><img fetchpriority=\"high\" decoding=\"async\" width=\"763\" height=\"488\" src=\"https:\/\/www.movemobility.ca\/wp-content\/uploads\/2020\/04\/2019-Ram-Promaster-Side-Entry-Wheelchair-Van-KE561350-2-e1639089701907.jpg\" alt=\"Positionnement flexible des si\u00e8ges et des fauteuils roulants dans le v\u00e9hicule MoveMobility Ram Promaster\" class=\"wp-image-15233\" srcset=\"https:\/\/www.movemobility.ca\/wp-content\/uploads\/2020\/04\/2019-Ram-Promaster-Side-Entry-Wheelchair-Van-KE561350-2-e1639089701907.jpg 763w, https:\/\/www.movemobility.ca\/wp-content\/uploads\/2020\/04\/2019-Ram-Promaster-Side-Entry-Wheelchair-Van-KE561350-2-e1639089701907-640x409.jpg 640w\" sizes=\"(max-width: 763px) 100vw, 763px\" \/><\/figure>\n<\/div>\n\n\n\n<div style=\"height:50px\" aria-hidden=\"true\" class=\"wp-block-spacer\"><\/div>\n\n\n\n<div class=\"wp-block-group is-layout-flow wp-block-group-is-layout-flow\">\n<h3 class=\"wp-block-heading\">Confort climatique<\/h3>\n\n\n\n<p>De nombreuses personnes \u00e2g\u00e9es sont tr\u00e8s affect\u00e9es par les temp\u00e9ratures froides, notamment par l'augmentation des douleurs chroniques dues \u00e0 des affections telles que l'arthrite. Des \u00e9tudes montrent que les troubles cardiovasculaires peuvent s'aggraver en raison de la constriction des vaisseaux sanguins en r\u00e9ponse au froid. Les personnes \u00e2g\u00e9es courent \u00e9galement un risque accru d'hypothermie, car leur corps est moins efficace pour produire de la chaleur.<\/p>\n\n\n\n<p>Lorsque vous transportez des personnes \u00e2g\u00e9es ou \u00e0 mobilit\u00e9 r\u00e9duite, votre v\u00e9hicule doit \u00eatre \u00e9quip\u00e9 d'un syst\u00e8me de chauffage et de climatisation adapt\u00e9 aux conditions. En raison du climat canadien, votre v\u00e9hicule doit assurer le confort des passagers par des temp\u00e9ratures inf\u00e9rieures \u00e0 z\u00e9ro et par des temp\u00e9ratures \u00e9touffantes. Pour ce faire, un syst\u00e8me de chauffage, de ventilation et de climatisation de grande capacit\u00e9 est n\u00e9cessaire.<\/p>\n\n\n\n<p>En plus d'un syst\u00e8me HVAC \u00e0 haute capacit\u00e9, beaucoup de nos clients nous disent que le fait qu'ils n'utilisent qu'un seul point d'entr\u00e9e aide \u00e0 maintenir la temp\u00e9rature du v\u00e9hicule stable. Que votre client soit en fauteuil roulant ou ambulatoire, une seule porte d'entr\u00e9e lat\u00e9rale signifie un temps de chargement plus rapide.<\/p>\n\n\n\n<p>Lorsqu'une seule porte est ouverte dans le v\u00e9hicule, la temp\u00e9rature ne baisse pas autant que lorsque deux portes sont ouvertes.<\/p>\n<\/div>\n\n\n\n<h3 class=\"wp-block-heading\">&nbsp;<\/h3>\n\n\n\n<div class=\"wp-block-group is-layout-flow wp-block-group-is-layout-flow\">\n<h3 class=\"wp-block-heading\">Dignit\u00e9 accrue<\/h3>\n\n\n\n<p>Plusieurs passagers indiquent qu'ils se sentent plus dignes car tous les passagers entrent et sortent du fourgon par la m\u00eame entr\u00e9e. Les personnes \u00e0 mobilit\u00e9 r\u00e9duite ne sont pas oblig\u00e9es d'acc\u00e9der au v\u00e9hicule par une entr\u00e9e s\u00e9par\u00e9e. Les personnes \u00e2g\u00e9es et les personnes handicap\u00e9es se sentent plus \u00e0 l'aise lorsqu'elles savent qu'elles peuvent entrer et sortir du v\u00e9hicule en toute s\u00e9curit\u00e9.<\/p>\n\n\n\n<figure class=\"wp-block-image size-full is-resized\"><img decoding=\"async\" width=\"624\" height=\"416\" data-src=\"https:\/\/www.movemobility.ca\/wp-content\/uploads\/2024\/04\/elderly-woman-in-wheelchair-with-caregivers.jpeg-1.jpg\" alt=\"\" class=\"wp-image-170646 lazyload\" style=\"--smush-placeholder-width: 624px; --smush-placeholder-aspect-ratio: 624\/416;width:606px;height:auto\" data-srcset=\"https:\/\/www.movemobility.ca\/wp-content\/uploads\/2024\/04\/elderly-woman-in-wheelchair-with-caregivers.jpeg-1.jpg 624w, https:\/\/www.movemobility.ca\/wp-content\/uploads\/2024\/04\/elderly-woman-in-wheelchair-with-caregivers.jpeg-1-400x267.jpg 400w\" data-sizes=\"auto\" src=\"data:image\/svg+xml;base64,PHN2ZyB3aWR0aD0iMSIgaGVpZ2h0PSIxIiB4bWxucz0iaHR0cDovL3d3dy53My5vcmcvMjAwMC9zdmciPjwvc3ZnPg==\" data-original-sizes=\"(max-width: 624px) 100vw, 624px\" \/><\/figure>\n\n\n\n<div class=\"wp-block-group is-layout-flow wp-block-group-is-layout-flow\">\n<div style=\"height:50px\" aria-hidden=\"true\" class=\"wp-block-spacer\"><\/div>\n\n\n\n<h3 class=\"wp-block-heading\">La distanciation sociale<\/h3>\n\n\n\n<p>Tout au long de la pand\u00e9mie de COVID-19, nos clients ont appr\u00e9ci\u00e9 les options int\u00e9gr\u00e9es de distanciation sociale que le syst\u00e8me de rails de plancher AutoFloor fournit dans chaque v\u00e9hicule MoveMobility de taille normale. Les si\u00e8ges amovibles sont facilement d\u00e9plac\u00e9s pour augmenter l'espacement ou pour r\u00e9duire le nombre de passagers transport\u00e9s lors d'un voyage.<\/p>\n\n\n\n<h3 class=\"wp-block-heading\"><img decoding=\"async\" width=\"600\" height=\"350\" data-src=\"https:\/\/www.movemobility.ca\/wp-content\/uploads\/2021\/12\/Blog-Images-6.jpg\" alt=\"mobilit\u00e9 des personnes \u00e2g\u00e9es transport pour les sorties\" src=\"data:image\/svg+xml;base64,PHN2ZyB3aWR0aD0iMSIgaGVpZ2h0PSIxIiB4bWxucz0iaHR0cDovL3d3dy53My5vcmcvMjAwMC9zdmciPjwvc3ZnPg==\" class=\"lazyload\" style=\"--smush-placeholder-width: 600px; --smush-placeholder-aspect-ratio: 600\/350;\"><\/h3>\n\n\n\n<div style=\"height:50px\" aria-hidden=\"true\" class=\"wp-block-spacer\"><\/div>\n<\/div>\n\n\n\n<div class=\"wp-block-group is-layout-flow wp-block-group-is-layout-flow\">\n<h3 class=\"wp-block-heading\">Am\u00e9lioration du confort et de la qualit\u00e9 de la conduite<\/h3>\n\n\n\n<p>Les chocs sur la route peuvent entra\u00eener une g\u00eane au niveau des articulations ou de la colonne vert\u00e9brale. Chez les personnes \u00e2g\u00e9es, cette g\u00eane peut devenir douloureuse, car elles ont tendance \u00e0 souffrir davantage de maladies chroniques qui entra\u00eenent une augmentation de la douleur.<\/p>\n\n\n\n<p>Pour r\u00e9duire l'impact des cahots de la route, il est important que vos v\u00e9hicules soient structurellement durables. Chez MoveMobility, nous veillons \u00e0 ce que les modifications apport\u00e9es aux v\u00e9hicules de transport des personnes \u00e2g\u00e9es soient minimales, afin que la qualit\u00e9 de roulement reste aussi douce que celle pr\u00e9vue par l'\u00e9quipementier.<\/p>\n\n\n\n<p>Un exemple de v\u00e9hicule dit \"fortement modifi\u00e9\" est un autobus tronqu\u00e9 (g\u00e9n\u00e9ralement d'une capacit\u00e9 sup\u00e9rieure \u00e0 10 passagers).<\/p>\n<\/div>\n\n\n\n<h3 class=\"wp-block-heading\">&nbsp;<\/h3>\n\n\n\n<div class=\"wp-block-group is-layout-flow wp-block-group-is-layout-flow\">\n<h3 class=\"wp-block-heading\">R\u00e9duction du sentiment d'isolement<\/h3>\n\n\n\n<p>Des recherches de plus en plus nombreuses r\u00e9v\u00e8lent que l'isolement social est pr\u00e9judiciable \u00e0 la sant\u00e9 mentale et physique. Les personnes \u00e2g\u00e9es qui ne peuvent pas sortir de chez elles en raison de probl\u00e8mes de mobilit\u00e9 ou de l'absence de moyens de transport accessibles courent un risque accru de subir les effets n\u00e9gatifs de l'isolement social.<\/p>\n\n\n\n<p>Sortir r\u00e9guli\u00e8rement peut devenir une r\u00e9alit\u00e9 si vos r\u00e9sidents \u00e2g\u00e9s ou les personnes \u00e2g\u00e9es de votre communaut\u00e9 peuvent acc\u00e9der \u00e0 un service avec un v\u00e9hicule dans lequel ils se sentent \u00e0 l'aise.<\/p>\n\n\n\n<h3 class=\"wp-block-heading\"><img decoding=\"async\" data-src=\"https:\/\/www.movemobility.ca\/wp-content\/uploads\/2021\/12\/elderly-man-in-wheelchair.jpg\" alt=\"homme \u00e2g\u00e9 en fauteuil roulant\" width=\"600\" height=\"350\" src=\"data:image\/svg+xml;base64,PHN2ZyB3aWR0aD0iMSIgaGVpZ2h0PSIxIiB4bWxucz0iaHR0cDovL3d3dy53My5vcmcvMjAwMC9zdmciPjwvc3ZnPg==\" class=\"lazyload\" style=\"--smush-placeholder-width: 600px; --smush-placeholder-aspect-ratio: 600\/350;\"><\/h3>\n<\/div>\n\n\n\n<div class=\"wp-block-group is-layout-flow wp-block-group-is-layout-flow\">\n<h3 class=\"wp-block-heading\">En quoi cela vous concerne-t-il en tant que prestataire de services de transport ?<\/h3>\n\n\n\n<p>Si l'un de ces articles vous a interpell\u00e9, si vous souhaitez en savoir plus ou si vous avez une anecdote sur la fa\u00e7on dont un v\u00e9hicule MoveMobility a aid\u00e9 les personnes \u00e2g\u00e9es de votre communaut\u00e9, nous serions ravis de l'entendre.<\/p>\n\n\n\n<p>Veiller \u00e0 ce que la population croissante des personnes \u00e2g\u00e9es ait acc\u00e8s \u00e0 un transport inclusif a \u00e9t\u00e9 au premier plan de la strat\u00e9gie d'innovation de MoveMobility. En s'appuyant sur sa vaste exp\u00e9rience dans la fourniture de services de transport de classe mondiale, MoveMobility a mis en place une strat\u00e9gie d'innovation. <strong><a href=\"https:\/\/www.movemobility.ca\/fr\/\">v\u00e9hicules accessibles aux fauteuils roulants<\/a><\/strong>Nous avons reconnu la n\u00e9cessit\u00e9 de trouver des solutions aux probl\u00e8mes d'acc\u00e8s aux transports publics que rencontre la population vieillissante du Canada.<\/p>\n\n\n\n<p>En cons\u00e9quence, nous avons lanc\u00e9 notre gamme de v\u00e9hicules accessibles de la s\u00e9rie P en 2019. La gamme P Series est une s\u00e9lection robuste de v\u00e9hicules de microtransit construits \u00e0 des fins sp\u00e9cifiques qui ont des solutions int\u00e9gr\u00e9es pour les d\u00e9fis les plus courants auxquels les personnes \u00e2g\u00e9es sont confront\u00e9es lorsqu'elles utilisent les options de transport public. Pour en savoir plus sur les v\u00e9hicules de la s\u00e9rie P, cliquez sur les liens ci-dessous.<\/p>\n\n\n\n<ul class=\"wp-block-list\">\n<li><a href=\"https:\/\/www.movemobility.ca\/fr\/fourgons-ram-promaster-accessibles-aux-fauteuils-roulants\/la-serie-p\/ram-promaster-p3\/\" target=\"_blank\" rel=\"noopener\">P3<\/a><\/li>\n\n\n\n<li><a href=\"https:\/\/www.movemobility.ca\/fr\/fourgons-ram-promaster-accessibles-aux-fauteuils-roulants\/la-serie-p\/ram-promaster-p4\/\" target=\"_blank\" rel=\"noreferrer noopener\">P4<\/a><\/li>\n\n\n\n<li><a href=\"https:\/\/www.movemobility.ca\/fr\/fourgons-ram-promaster-accessibles-aux-fauteuils-roulants\/la-serie-p\/ram-promaster-p5\/\" target=\"_blank\" rel=\"noopener\">P5<\/a><\/li>\n<\/ul>\n<\/div>\n\n\n\n<div class=\"wp-block-buttons is-layout-flex wp-block-buttons-is-layout-flex\">\n<div class=\"wp-block-button has-custom-width wp-block-button__width-100 has-custom-font-size\" style=\"font-size:15px\"><a class=\"wp-block-button__link has-white-color has-text-color has-background wp-element-button\" href=\"#request-info-form\" style=\"background-color:#8cc63e\">Demande d'information sur les v\u00e9hicules de transport pour les personnes \u00e2g\u00e9es<\/a><\/div>\n<\/div>\n\n\n\n<div class=\"wp-block-group is-layout-flow wp-block-group-is-layout-flow\">\n<h2 class=\"wp-block-heading\"><strong>R\u00e9f\u00e9rences :<\/strong><\/h2>\n\n\n\n<p><a href=\"https:\/\/www.canada.ca\/en\/employment-social-development\/programs\/seniors-action-report.html\" target=\"_blank\" rel=\"noopener\">Gouvernement du Canada - Rapport sur l'action en faveur des personnes \u00e2g\u00e9es<\/a><\/p>\n\n\n\n<p><a href=\"https:\/\/www.mainlineadultdaycenter.org\/2019\/09\/20\/how-does-cold-weather-affect-seniors\/\" target=\"_blank\" rel=\"noopener\">Comment le froid affecte-t-il les personnes \u00e2g\u00e9es ?<\/a><\/p>\n\n\n\n<p><a href=\"https:\/\/cca-reports.ca\/wp-content\/uploads\/2018\/08\/transportaging_fullreport_en.pdf\" target=\"_blank\" rel=\"noopener\">Les Canadiens \u00e2g\u00e9s en mouvement - Le groupe d'experts sur les besoins en transport d'une population vieillissante<\/a><\/p>\n\n\n\n<p><a href=\"https:\/\/www.ncbi.nlm.nih.gov\/pmc\/articles\/PMC4589921\/\" target=\"_blank\" rel=\"noopener\">La douleur chez les personnes \u00e2g\u00e9es : \u00c9pid\u00e9miologie, impact et obstacles \u00e0 la prise en charge<\/a><\/p>\n\n\n\n<p><a href=\"https:\/\/www.aplaceformom.com\/caregiver-resources\/articles\/social-isolation\" target=\"_blank\" rel=\"noopener\"> Accueil Ressources pour les aidants 7 fa\u00e7ons de pr\u00e9venir l'isolement social et la solitude chez les personnes \u00e2g\u00e9es<\/a><\/p>\n<\/div>\n<\/div>","protected":false},"excerpt":{"rendered":"<p>D'ici 2030, les personnes \u00e2g\u00e9es repr\u00e9senteront plus de 23% des Canadiens. Nous passons en revue les facteurs que les prestataires de transport doivent prendre en compte lors de l'achat de v\u00e9hicules accessibles en fauteuil roulant pour le transport des personnes \u00e2g\u00e9es.<\/p>","protected":false},"author":5,"featured_media":86210,"comment_status":"closed","ping_status":"closed","sticky":false,"template":"","format":"standard","meta":{"content-type":"","footnotes":""},"categories":[1],"tags":[2586,18],"type-of-project":[],"product-family":[],"the-big-5":[],"section":[],"resource":[],"class_list":["post-86149","post","type-post","status-publish","format-standard","has-post-thumbnail","hentry","category-other","tag-senior-transportation","tag-wheelchair-accessible-van"],"yoast_head":"<!-- This site is optimized with the Yoast SEO plugin v27.1.1 - https:\/\/yoast.com\/product\/yoast-seo-wordpress\/ -->\n<title>How Can Senior Citizens Overcome Barriers to Transportation?<\/title>\n<meta name=\"description\" content=\"Physical, sensory, and cognitive abilities significantly change in age of 65 to 85 and beyond and often affect senior citizen transportation.\" \/>\n<meta name=\"robots\" content=\"index, follow, max-snippet:-1, max-image-preview:large, max-video-preview:-1\" \/>\n<link rel=\"canonical\" href=\"https:\/\/movemobility.ca\/resources\/how-can-senior-citizens-overcome-barriers-to-transportation\/\" \/>\n<meta property=\"og:locale\" content=\"fr_CA\" \/>\n<meta property=\"og:type\" content=\"article\" \/>\n<meta property=\"og:title\" content=\"How Can Senior Citizens Overcome Barriers to Transportation?\" \/>\n<meta property=\"og:description\" content=\"Physical, sensory, and cognitive abilities significantly change in age of 65 to 85 and beyond and often affect senior citizen transportation.\" \/>\n<meta property=\"og:url\" content=\"https:\/\/movemobility.ca\/resources\/how-can-senior-citizens-overcome-barriers-to-transportation\/\" \/>\n<meta property=\"og:site_name\" content=\"MoveMobility\" \/>\n<meta property=\"article:publisher\" content=\"https:\/\/www.facebook.com\/mobilitymove\/\" \/>\n<meta property=\"article:published_time\" content=\"2021-12-13T13:00:52+00:00\" \/>\n<meta property=\"article:modified_time\" content=\"2024-04-15T19:21:21+00:00\" \/>\n<meta property=\"og:image\" content=\"https:\/\/movemobility.ca\/wp-content\/uploads\/2021\/12\/Blog-Images-6.jpg\" \/>\n\t<meta property=\"og:image:width\" content=\"600\" \/>\n\t<meta property=\"og:image:height\" content=\"350\" \/>\n\t<meta property=\"og:image:type\" content=\"image\/jpeg\" \/>\n<meta name=\"author\" content=\"MoveMobility Admin\" \/>\n<meta name=\"twitter:card\" content=\"summary_large_image\" \/>\n<meta name=\"twitter:creator\" content=\"@mobility_move\" \/>\n<meta name=\"twitter:site\" content=\"@mobility_move\" \/>\n<meta name=\"twitter:label1\" content=\"\u00c9crit par\" \/>\n\t<meta name=\"twitter:data1\" content=\"MoveMobility Admin\" \/>\n\t<meta name=\"twitter:label2\" content=\"Estimation du temps de lecture\" \/>\n\t<meta name=\"twitter:data2\" content=\"5 minutes\" \/>\n<script type=\"application\/ld+json\" class=\"yoast-schema-graph\">{\"@context\":\"https:\/\/schema.org\",\"@graph\":[{\"@type\":\"Article\",\"@id\":\"https:\/\/movemobility.ca\/resources\/how-can-senior-citizens-overcome-barriers-to-transportation\/#article\",\"isPartOf\":{\"@id\":\"https:\/\/movemobility.ca\/resources\/how-can-senior-citizens-overcome-barriers-to-transportation\/\"},\"author\":{\"name\":\"MoveMobility Admin\",\"@id\":\"https:\/\/movemobility.ca\/#\/schema\/person\/266176ed8af030b47c07785172b805b8\"},\"headline\":\"How Can Senior Citizens Overcome Barriers to Transportation?\",\"datePublished\":\"2021-12-13T13:00:52+00:00\",\"dateModified\":\"2024-04-15T19:21:21+00:00\",\"mainEntityOfPage\":{\"@id\":\"https:\/\/movemobility.ca\/resources\/how-can-senior-citizens-overcome-barriers-to-transportation\/\"},\"wordCount\":840,\"publisher\":{\"@id\":\"https:\/\/movemobility.ca\/#organization\"},\"image\":{\"@id\":\"https:\/\/movemobility.ca\/resources\/how-can-senior-citizens-overcome-barriers-to-transportation\/#primaryimage\"},\"thumbnailUrl\":\"https:\/\/www.movemobility.ca\/wp-content\/uploads\/2021\/12\/Blog-Images-6.jpg\",\"keywords\":[\"senior transportation\",\"wheelchair accessible van\"],\"articleSection\":[\"Other\"],\"inLanguage\":\"fr-CA\"},{\"@type\":\"WebPage\",\"@id\":\"https:\/\/movemobility.ca\/resources\/how-can-senior-citizens-overcome-barriers-to-transportation\/\",\"url\":\"https:\/\/movemobility.ca\/resources\/how-can-senior-citizens-overcome-barriers-to-transportation\/\",\"name\":\"How Can Senior Citizens Overcome Barriers to Transportation?\",\"isPartOf\":{\"@id\":\"https:\/\/movemobility.ca\/#website\"},\"primaryImageOfPage\":{\"@id\":\"https:\/\/movemobility.ca\/resources\/how-can-senior-citizens-overcome-barriers-to-transportation\/#primaryimage\"},\"image\":{\"@id\":\"https:\/\/movemobility.ca\/resources\/how-can-senior-citizens-overcome-barriers-to-transportation\/#primaryimage\"},\"thumbnailUrl\":\"https:\/\/www.movemobility.ca\/wp-content\/uploads\/2021\/12\/Blog-Images-6.jpg\",\"datePublished\":\"2021-12-13T13:00:52+00:00\",\"dateModified\":\"2024-04-15T19:21:21+00:00\",\"description\":\"Physical, sensory, and cognitive abilities significantly change in age of 65 to 85 and beyond and often affect senior citizen transportation.\",\"breadcrumb\":{\"@id\":\"https:\/\/movemobility.ca\/resources\/how-can-senior-citizens-overcome-barriers-to-transportation\/#breadcrumb\"},\"inLanguage\":\"fr-CA\",\"potentialAction\":[{\"@type\":\"ReadAction\",\"target\":[\"https:\/\/movemobility.ca\/resources\/how-can-senior-citizens-overcome-barriers-to-transportation\/\"]}]},{\"@type\":\"ImageObject\",\"inLanguage\":\"fr-CA\",\"@id\":\"https:\/\/movemobility.ca\/resources\/how-can-senior-citizens-overcome-barriers-to-transportation\/#primaryimage\",\"url\":\"https:\/\/www.movemobility.ca\/wp-content\/uploads\/2021\/12\/Blog-Images-6.jpg\",\"contentUrl\":\"https:\/\/www.movemobility.ca\/wp-content\/uploads\/2021\/12\/Blog-Images-6.jpg\",\"width\":600,\"height\":350,\"caption\":\"seniors mobility transportation for outings\"},{\"@type\":\"BreadcrumbList\",\"@id\":\"https:\/\/movemobility.ca\/resources\/how-can-senior-citizens-overcome-barriers-to-transportation\/#breadcrumb\",\"itemListElement\":[{\"@type\":\"ListItem\",\"position\":1,\"name\":\"Wheelchair Accessible Vans &amp; Medical Vehicles\",\"item\":\"https:\/\/www.movemobility.ca\/\"},{\"@type\":\"ListItem\",\"position\":2,\"name\":\"How Can Senior Citizens Overcome Barriers to Transportation?\"}]},{\"@type\":\"WebSite\",\"@id\":\"https:\/\/movemobility.ca\/#website\",\"url\":\"https:\/\/movemobility.ca\/\",\"name\":\"MoveMobility\",\"description\":\"Wheelchair Accessible Vans &amp; Medical Vehicles\",\"publisher\":{\"@id\":\"https:\/\/movemobility.ca\/#organization\"},\"potentialAction\":[{\"@type\":\"SearchAction\",\"target\":{\"@type\":\"EntryPoint\",\"urlTemplate\":\"https:\/\/movemobility.ca\/?s={search_term_string}\"},\"query-input\":{\"@type\":\"PropertyValueSpecification\",\"valueRequired\":true,\"valueName\":\"search_term_string\"}}],\"inLanguage\":\"fr-CA\"},{\"@type\":\"Organization\",\"@id\":\"https:\/\/movemobility.ca\/#organization\",\"name\":\"MoveMobility\",\"url\":\"https:\/\/movemobility.ca\/\",\"logo\":{\"@type\":\"ImageObject\",\"inLanguage\":\"fr-CA\",\"@id\":\"https:\/\/movemobility.ca\/#\/schema\/logo\/image\/\",\"url\":\"https:\/\/www.movemobility.ca\/wp-content\/uploads\/2021\/06\/MM_logo_Stacked-LG.png\",\"contentUrl\":\"https:\/\/www.movemobility.ca\/wp-content\/uploads\/2021\/06\/MM_logo_Stacked-LG.png\",\"width\":444,\"height\":114,\"caption\":\"MoveMobility\"},\"image\":{\"@id\":\"https:\/\/movemobility.ca\/#\/schema\/logo\/image\/\"},\"sameAs\":[\"https:\/\/www.facebook.com\/mobilitymove\/\",\"https:\/\/x.com\/mobility_move\",\"https:\/\/www.linkedin.com\/company\/3961770\/\",\"https:\/\/www.youtube.com\/channel\/UCiW-UIxjD6wjjX-7KS4z22g\/\"]},{\"@type\":\"Person\",\"@id\":\"https:\/\/movemobility.ca\/#\/schema\/person\/266176ed8af030b47c07785172b805b8\",\"name\":\"MoveMobility Admin\",\"image\":{\"@type\":\"ImageObject\",\"inLanguage\":\"fr-CA\",\"@id\":\"https:\/\/movemobility.ca\/#\/schema\/person\/image\/\",\"url\":\"https:\/\/www.movemobility.ca\/wp-content\/wphb-cache\/gravatar\/a17\/a1745396a51c1eb003ec786d37fd69c6x96.jpg\",\"contentUrl\":\"https:\/\/www.movemobility.ca\/wp-content\/wphb-cache\/gravatar\/a17\/a1745396a51c1eb003ec786d37fd69c6x96.jpg\",\"caption\":\"MoveMobility Admin\"}}]}<\/script>\n<!-- \/ Yoast SEO plugin. -->","yoast_head_json":{"title":"Comment les personnes \u00e2g\u00e9es peuvent-elles surmonter les obstacles au transport ?","description":"Les capacit\u00e9s physiques, sensorielles et cognitives changent consid\u00e9rablement entre 65 et 85 ans, voire plus, et ont souvent une incidence sur le transport des personnes \u00e2g\u00e9es.","robots":{"index":"index","follow":"follow","max-snippet":"max-snippet:-1","max-image-preview":"max-image-preview:large","max-video-preview":"max-video-preview:-1"},"canonical":"https:\/\/movemobility.ca\/resources\/how-can-senior-citizens-overcome-barriers-to-transportation\/","og_locale":"fr_CA","og_type":"article","og_title":"How Can Senior Citizens Overcome Barriers to Transportation?","og_description":"Physical, sensory, and cognitive abilities significantly change in age of 65 to 85 and beyond and often affect senior citizen transportation.","og_url":"https:\/\/movemobility.ca\/resources\/how-can-senior-citizens-overcome-barriers-to-transportation\/","og_site_name":"MoveMobility","article_publisher":"https:\/\/www.facebook.com\/mobilitymove\/","article_published_time":"2021-12-13T13:00:52+00:00","article_modified_time":"2024-04-15T19:21:21+00:00","og_image":[{"width":600,"height":350,"url":"https:\/\/movemobility.ca\/wp-content\/uploads\/2021\/12\/Blog-Images-6.jpg","type":"image\/jpeg"}],"author":"MoveMobility Admin","twitter_card":"summary_large_image","twitter_creator":"@mobility_move","twitter_site":"@mobility_move","twitter_misc":{"\u00c9crit par":"MoveMobility Admin","Estimation du temps de lecture":"5 minutes"},"schema":{"@context":"https:\/\/schema.org","@graph":[{"@type":"Article","@id":"https:\/\/movemobility.ca\/resources\/how-can-senior-citizens-overcome-barriers-to-transportation\/#article","isPartOf":{"@id":"https:\/\/movemobility.ca\/resources\/how-can-senior-citizens-overcome-barriers-to-transportation\/"},"author":{"name":"MoveMobility Admin","@id":"https:\/\/movemobility.ca\/#\/schema\/person\/266176ed8af030b47c07785172b805b8"},"headline":"How Can Senior Citizens Overcome Barriers to Transportation?","datePublished":"2021-12-13T13:00:52+00:00","dateModified":"2024-04-15T19:21:21+00:00","mainEntityOfPage":{"@id":"https:\/\/movemobility.ca\/resources\/how-can-senior-citizens-overcome-barriers-to-transportation\/"},"wordCount":840,"publisher":{"@id":"https:\/\/movemobility.ca\/#organization"},"image":{"@id":"https:\/\/movemobility.ca\/resources\/how-can-senior-citizens-overcome-barriers-to-transportation\/#primaryimage"},"thumbnailUrl":"https:\/\/www.movemobility.ca\/wp-content\/uploads\/2021\/12\/Blog-Images-6.jpg","keywords":["senior transportation","wheelchair accessible van"],"articleSection":["Other"],"inLanguage":"fr-CA"},{"@type":"WebPage","@id":"https:\/\/movemobility.ca\/resources\/how-can-senior-citizens-overcome-barriers-to-transportation\/","url":"https:\/\/movemobility.ca\/resources\/how-can-senior-citizens-overcome-barriers-to-transportation\/","name":"Comment les personnes \u00e2g\u00e9es peuvent-elles surmonter les obstacles au transport ?","isPartOf":{"@id":"https:\/\/movemobility.ca\/#website"},"primaryImageOfPage":{"@id":"https:\/\/movemobility.ca\/resources\/how-can-senior-citizens-overcome-barriers-to-transportation\/#primaryimage"},"image":{"@id":"https:\/\/movemobility.ca\/resources\/how-can-senior-citizens-overcome-barriers-to-transportation\/#primaryimage"},"thumbnailUrl":"https:\/\/www.movemobility.ca\/wp-content\/uploads\/2021\/12\/Blog-Images-6.jpg","datePublished":"2021-12-13T13:00:52+00:00","dateModified":"2024-04-15T19:21:21+00:00","description":"Les capacit\u00e9s physiques, sensorielles et cognitives changent consid\u00e9rablement entre 65 et 85 ans, voire plus, et ont souvent une incidence sur le transport des personnes \u00e2g\u00e9es.","breadcrumb":{"@id":"https:\/\/movemobility.ca\/resources\/how-can-senior-citizens-overcome-barriers-to-transportation\/#breadcrumb"},"inLanguage":"fr-CA","potentialAction":[{"@type":"ReadAction","target":["https:\/\/movemobility.ca\/resources\/how-can-senior-citizens-overcome-barriers-to-transportation\/"]}]},{"@type":"ImageObject","inLanguage":"fr-CA","@id":"https:\/\/movemobility.ca\/resources\/how-can-senior-citizens-overcome-barriers-to-transportation\/#primaryimage","url":"https:\/\/www.movemobility.ca\/wp-content\/uploads\/2021\/12\/Blog-Images-6.jpg","contentUrl":"https:\/\/www.movemobility.ca\/wp-content\/uploads\/2021\/12\/Blog-Images-6.jpg","width":600,"height":350,"caption":"seniors mobility transportation for outings"},{"@type":"BreadcrumbList","@id":"https:\/\/movemobility.ca\/resources\/how-can-senior-citizens-overcome-barriers-to-transportation\/#breadcrumb","itemListElement":[{"@type":"ListItem","position":1,"name":"Wheelchair Accessible Vans &amp; Medical Vehicles","item":"https:\/\/www.movemobility.ca\/"},{"@type":"ListItem","position":2,"name":"How Can Senior Citizens Overcome Barriers to Transportation?"}]},{"@type":"WebSite","@id":"https:\/\/movemobility.ca\/#website","url":"https:\/\/movemobility.ca\/","name":"MoveMobility","description":"Fourgons et v\u00e9hicules m\u00e9dicaux accessibles aux fauteuils roulants","publisher":{"@id":"https:\/\/movemobility.ca\/#organization"},"potentialAction":[{"@type":"SearchAction","target":{"@type":"EntryPoint","urlTemplate":"https:\/\/movemobility.ca\/?s={search_term_string}"},"query-input":{"@type":"PropertyValueSpecification","valueRequired":true,"valueName":"search_term_string"}}],"inLanguage":"fr-CA"},{"@type":"Organization","@id":"https:\/\/movemobility.ca\/#organization","name":"MoveMobility","url":"https:\/\/movemobility.ca\/","logo":{"@type":"ImageObject","inLanguage":"fr-CA","@id":"https:\/\/movemobility.ca\/#\/schema\/logo\/image\/","url":"https:\/\/www.movemobility.ca\/wp-content\/uploads\/2021\/06\/MM_logo_Stacked-LG.png","contentUrl":"https:\/\/www.movemobility.ca\/wp-content\/uploads\/2021\/06\/MM_logo_Stacked-LG.png","width":444,"height":114,"caption":"MoveMobility"},"image":{"@id":"https:\/\/movemobility.ca\/#\/schema\/logo\/image\/"},"sameAs":["https:\/\/www.facebook.com\/mobilitymove\/","https:\/\/x.com\/mobility_move","https:\/\/www.linkedin.com\/company\/3961770\/","https:\/\/www.youtube.com\/channel\/UCiW-UIxjD6wjjX-7KS4z22g\/"]},{"@type":"Person","@id":"https:\/\/movemobility.ca\/#\/schema\/person\/266176ed8af030b47c07785172b805b8","name":"MoveMobility Admin","image":{"@type":"ImageObject","inLanguage":"fr-CA","@id":"https:\/\/movemobility.ca\/#\/schema\/person\/image\/","url":"https:\/\/www.movemobility.ca\/wp-content\/wphb-cache\/gravatar\/a17\/a1745396a51c1eb003ec786d37fd69c6x96.jpg","contentUrl":"https:\/\/www.movemobility.ca\/wp-content\/wphb-cache\/gravatar\/a17\/a1745396a51c1eb003ec786d37fd69c6x96.jpg","caption":"MoveMobility Admin"}}]}},"_links":{"self":[{"href":"https:\/\/www.movemobility.ca\/fr\/wp-json\/wp\/v2\/posts\/86149","targetHints":{"allow":["GET"]}}],"collection":[{"href":"https:\/\/www.movemobility.ca\/fr\/wp-json\/wp\/v2\/posts"}],"about":[{"href":"https:\/\/www.movemobility.ca\/fr\/wp-json\/wp\/v2\/types\/post"}],"author":[{"embeddable":true,"href":"https:\/\/www.movemobility.ca\/fr\/wp-json\/wp\/v2\/users\/5"}],"replies":[{"embeddable":true,"href":"https:\/\/www.movemobility.ca\/fr\/wp-json\/wp\/v2\/comments?post=86149"}],"version-history":[{"count":0,"href":"https:\/\/www.movemobility.ca\/fr\/wp-json\/wp\/v2\/posts\/86149\/revisions"}],"wp:featuredmedia":[{"embeddable":true,"href":"https:\/\/www.movemobility.ca\/fr\/wp-json\/wp\/v2\/media\/86210"}],"wp:attachment":[{"href":"https:\/\/www.movemobility.ca\/fr\/wp-json\/wp\/v2\/media?parent=86149"}],"wp:term":[{"taxonomy":"category","embeddable":true,"href":"https:\/\/www.movemobility.ca\/fr\/wp-json\/wp\/v2\/categories?post=86149"},{"taxonomy":"post_tag","embeddable":true,"href":"https:\/\/www.movemobility.ca\/fr\/wp-json\/wp\/v2\/tags?post=86149"},{"taxonomy":"type-of-project","embeddable":true,"href":"https:\/\/www.movemobility.ca\/fr\/wp-json\/wp\/v2\/type-of-project?post=86149"},{"taxonomy":"product-family","embeddable":true,"href":"https:\/\/www.movemobility.ca\/fr\/wp-json\/wp\/v2\/product-family?post=86149"},{"taxonomy":"the-big-5","embeddable":true,"href":"https:\/\/www.movemobility.ca\/fr\/wp-json\/wp\/v2\/the-big-5?post=86149"},{"taxonomy":"section","embeddable":true,"href":"https:\/\/www.movemobility.ca\/fr\/wp-json\/wp\/v2\/section?post=86149"},{"taxonomy":"resource","embeddable":true,"href":"https:\/\/www.movemobility.ca\/fr\/wp-json\/wp\/v2\/resource?post=86149"}],"curies":[{"name":"wp","href":"https:\/\/api.w.org\/{rel}","templated":true}]}}