{"id":283413,"date":"2025-10-20T07:00:38","date_gmt":"2025-10-20T12:00:38","guid":{"rendered":"https:\/\/www.movemobility.ca\/?p=283413"},"modified":"2025-09-15T14:11:06","modified_gmt":"2025-09-15T19:11:06","slug":"accessible-van-colour-choices","status":"publish","type":"post","link":"https:\/\/www.movemobility.ca\/fr\/resources\/accessible-van-colour-choices\/","title":{"rendered":"What Are the Colour Choices for Accessible Vans?"},"content":{"rendered":"<p><span style=\"font-weight: 400;\">Did you know that even the colour of a <\/span><a href=\"https:\/\/www.movemobility.ca\/fr\/ressources\/what-is-a-wheelchair-van\/\"><span style=\"font-weight: 400;\">fourgon accessible aux fauteuils roulants<\/span><\/a><span style=\"font-weight: 400;\"> can change how people feel about using it? Colour choices for accessible vans might seem small, but they can make a big difference.\u00a0<\/span><\/p>\n<p><b>Picture this<\/b><span style=\"font-weight: 400;\">: You\u2019ve worked hard to set up safe, reliable transportation, but you\u2019ve chosen the wrong colour of your van, and it feels cold or unwelcoming. Riders may feel overlooked or disconnected. That gap can hurt trust in your service. Now imagine the opposite. A van that looks inviting, professional, and fits your community\u2019s identity. That choice helps people feel respected and comfortable from the moment they see it.<\/span><\/p>\n<p>&nbsp;<\/p>\n<div style=\"text-align: center; margin: 40px 0;\">\n<div style=\"margin: 60px 0; padding: 20px;\"><a style=\"display: inline-flex; justify-content: center; align-items: center; background-color: #8cc63e; color: #ffffff; font-family: 'Roboto', sans-serif; font-size: 20px; font-weight: bold; text-decoration: none; padding: 14px 30px; border-radius: 5px; line-height: 0; height: 40px; transition: background-color 0.2s ease, text-decoration 0.2s ease;\" href=\"https:\/\/www.movemobility.ca\/fr\/wheelchair-van-buyers-guide\/?hsCtaTracking=52cf15c5-c91d-4e3e-b41a-18d7690431af%7C6a36290b-97e1-4e0b-99da-8d9854d8c663#download-guide-form\"><br \/>\nD\u00e9verrouillez votre guide d'achat gratuit pour les fourgonnettes pour fauteuils roulants<br \/>\n<\/a><\/div>\n<\/div>\n<p>&nbsp;<\/p>\n<p><span style=\"font-weight: 400;\">Au <\/span><a href=\"https:\/\/www.movemobility.ca\/fr\/\"><span style=\"font-weight: 400;\">MoveMobility<\/span><\/a><span style=\"font-weight: 400;\">, we\u2019ve spent well over <\/span><a href=\"https:\/\/www.movemobility.ca\/fr\/ressources\/20-milestones\/\"><span style=\"font-weight: 400;\">20 ans<\/span><\/a><span style=\"font-weight: 400;\"> helping organizations like yours close gaps like this. We\u2019ve built more than 200 accessible units and hold <\/span><a href=\"https:\/\/www.ford.ca\/mobility\/adaptive-equipment\/qualified-vehicle-modifiers\/\"><span style=\"font-weight: 400;\">Ford QVM<\/span><\/a><span style=\"font-weight: 400;\"> and Stellantis QPro certifications. Our vans also carry the <\/span><a href=\"https:\/\/tc.canada.ca\/en\/road-transportation\/safety-standards-vehicles-tires-child-car-seats\/frequently-asked-questions-vehicle-manufacturers-national-safety-mark\"><span style=\"font-weight: 400;\">Marque nationale de s\u00e9curit\u00e9<\/span><\/a><span style=\"font-weight: 400;\">, which shows they meet Canada\u2019s strict safety rules. Organizations like the <\/span><a href=\"https:\/\/www.ykws.ca\/street-outreach\"><span style=\"font-weight: 400;\">Soci\u00e9t\u00e9 des femmes de Yellowknife<\/span><\/a><span style=\"font-weight: 400;\"> count on us because we listen first and build second. Every van reflects the mission of the people driving it.<\/span><\/p>\n<p><span style=\"font-weight: 400;\">\u00a0<\/span><\/p>\n<p><span style=\"font-weight: 400;\">Dans cet article, vous apprendrez<\/span><\/p>\n<ul>\n<li style=\"font-weight: 400;\" aria-level=\"1\"><span style=\"font-weight: 400;\">Wheelchair accessible van colour options in Canada<\/span><\/li>\n<\/ul>\n<p>&nbsp;<\/p>\n<ul>\n<li style=\"font-weight: 400;\" aria-level=\"1\"><span style=\"font-weight: 400;\">How to decide if a custom colour is the right choice<\/span><\/li>\n<\/ul>\n<p>&nbsp;<\/p>\n<h2>Colour choices for accessible vans: What are they?<\/h2>\n<p>&nbsp;<\/p>\n<figure id=\"attachment_100924\" aria-describedby=\"caption-attachment-100924\" style=\"width: 640px\" class=\"wp-caption alignnone\"><img fetchpriority=\"high\" decoding=\"async\" class=\"size-full wp-image-100924\" src=\"https:\/\/www.movemobility.ca\/wp-content\/uploads\/2022\/05\/P4-Rear-Entry-2-rsz-1.jpg\" alt=\"Portes vitr\u00e9es de type bus \u00e0 l&#039;arri\u00e8re du fourgon \u00e0 entr\u00e9e arri\u00e8re p4\" width=\"640\" height=\"427\" srcset=\"https:\/\/www.movemobility.ca\/wp-content\/uploads\/2022\/05\/P4-Rear-Entry-2-rsz-1.jpg 640w, https:\/\/www.movemobility.ca\/wp-content\/uploads\/2022\/05\/P4-Rear-Entry-2-rsz-1-400x267.jpg 400w\" sizes=\"(max-width: 640px) 100vw, 640px\" \/><figcaption id=\"caption-attachment-100924\" class=\"wp-caption-text\">Portes vitr\u00e9es de type bus \u00e0 l'arri\u00e8re<\/figcaption><\/figure>\n<p>&nbsp;<\/p>\n<p><span style=\"font-weight: 400;\">When you picture a wheelchair accessible van, chances are the colour that pops into your head is white. And you\u2019d be right. <strong>At MoveMobility, the main colour option we offer is white<\/strong>, and there\u2019s a good reason for that. While it may not sound flashy at first, white has a lot going for it.<\/span><\/p>\n<p><b>Why is white the go-to colour?<\/b><span style=\"font-weight: 400;\"> White has a professional and trusted look. It\u2019s the same reason most hospitals, clinics, and ambulances use it. People see a white van and instantly connect it with care, safety, and reliability. That first impression matters for the communities you serve.<\/span><\/p>\n<p>&nbsp;<\/p>\n<p>What are the benefits of white vans?<\/p>\n<ul>\n<li style=\"font-weight: 400;\" aria-level=\"1\"><b>Professional image:<\/b><span style=\"font-weight: 400;\"> White is simple and clean, which makes your service look polished and official.<\/span><\/li>\n<\/ul>\n<p>&nbsp;<\/p>\n<ul>\n<li style=\"font-weight: 400;\" aria-level=\"1\"><b>Cost-friendly:<\/b><span style=\"font-weight: 400;\"> Since white is the standard colour, it doesn\u2019t add extra cost for custom paint.<\/span><\/li>\n<\/ul>\n<p>&nbsp;<\/p>\n<ul>\n<li style=\"font-weight: 400;\" aria-level=\"1\"><b>Safety on the road:<\/b><span style=\"font-weight: 400;\"> White vehicles are easier to see in both daylight and nighttime, which makes them among the <\/span><a href=\"https:\/\/www.movemobility.ca\/fr\/ressources\/winter-safety-for-first-nations\/\"><span style=\"font-weight: 400;\">safest<\/span><\/a><span style=\"font-weight: 400;\"> colour choices.<\/span><\/li>\n<\/ul>\n<p>&nbsp;<\/p>\n<ul>\n<li style=\"font-weight: 400;\" aria-level=\"1\"><b>Easy to maintain:<\/b><span style=\"font-weight: 400;\"> White hides scratches better than other shades and makes repairs less noticeable.<\/span><\/li>\n<\/ul>\n<p>&nbsp;<\/p>\n<ul>\n<li style=\"font-weight: 400;\" aria-level=\"1\"><b>Cooler inside:<\/b><span style=\"font-weight: 400;\"> White reflects heat better than darker colours on warm Canadian summer days.<\/span><\/li>\n<\/ul>\n<p>&nbsp;<\/p>\n<p><span style=\"font-weight: 400;\">So while it might seem like \u201cjust white,\u201d the truth is white is practical, professional, and safe. It keeps your van looking sharp and helps you focus on what really matters, providing dignified transportation and care for people.<\/span><\/p>\n<p><span style=\"font-weight: 400;\">Still, you might wonder: What if you want a van that reflects your brand or community colours? Let\u2019s discuss custom colour options next.<\/span><\/p>\n<p>&nbsp;<\/p>\n<h2>What if I want a custom colour for my accessible van?<\/h2>\n<p>&nbsp;<\/p>\n<figure id=\"attachment_77218\" aria-describedby=\"caption-attachment-77218\" style=\"width: 640px\" class=\"wp-caption alignnone\"><img decoding=\"async\" class=\"size-full wp-image-77218 lazyload\" data-src=\"https:\/\/www.movemobility.ca\/wp-content\/uploads\/2021\/08\/Rear-Lift-Ram-Promaster-11.jpg\" alt=\"ram promast 2500 fourgon pour fauteuils roulants dans un parking\" width=\"640\" height=\"427\" data-srcset=\"https:\/\/www.movemobility.ca\/wp-content\/uploads\/2021\/08\/Rear-Lift-Ram-Promaster-11.jpg 640w, https:\/\/www.movemobility.ca\/wp-content\/uploads\/2021\/08\/Rear-Lift-Ram-Promaster-11-400x267.jpg 400w, https:\/\/www.movemobility.ca\/wp-content\/uploads\/2021\/08\/Rear-Lift-Ram-Promaster-11-100x67.jpg 100w\" data-sizes=\"auto\" src=\"data:image\/svg+xml;base64,PHN2ZyB3aWR0aD0iMSIgaGVpZ2h0PSIxIiB4bWxucz0iaHR0cDovL3d3dy53My5vcmcvMjAwMC9zdmciPjwvc3ZnPg==\" style=\"--smush-placeholder-width: 640px; --smush-placeholder-aspect-ratio: 640\/427;\" data-original-sizes=\"(max-width: 640px) 100vw, 640px\" \/><figcaption id=\"caption-attachment-77218\" class=\"wp-caption-text\">Rear Lift Ram Promaster Accessible Van &#8211; Patent pending<\/figcaption><\/figure>\n<p>&nbsp;<\/p>\n<p><span style=\"font-weight: 400;\">Let\u2019s say you\u2019ve heard all the reasons white is practical, and you\u2019re still shaking your head. Maybe you\u2019re picturing your van in a bold blue, a calming green, or even the same shade as your organization\u2019s logo. If plain white won\u2019t cut it, you do have options. Custom colours are possible, but there are a few things you should know before diving in.<\/span><\/p>\n<p><b>Delivery timeline:<\/b><span style=\"font-weight: 400;\"> A van in a custom colour needs to be factory ordered. That means you\u2019re looking at a longer wait time, often around six months. While that may feel like forever when your community is waiting for better transportation, many groups decide the wait is worth it to get a van that fits their exact vision.<\/span><\/p>\n<p><b>Cost of custom colour:<\/b><span style=\"font-weight: 400;\"> Here\u2019s some good news. Custom colours don\u2019t break the bank. Most organizations see an added cost of under $5,000 for a customized paint option. When you think about how long you\u2019ll be using the van and how many people it will serve, that\u2019s a relatively small investment for something that will carry your identity everywhere it goes.<\/span><\/p>\n<p>&nbsp;<\/p>\n<h3>What are some benefits of a customized colour?<\/h3>\n<p><span style=\"font-weight: 400;\">So, what\u2019s the upside of waiting longer and spending a bit more?\u00a0<\/span><\/p>\n<ul>\n<li style=\"font-weight: 400;\" aria-level=\"1\"><b>Brand recognition:<\/b><span style=\"font-weight: 400;\"> If your organization already has strong branding, matching your van colour to your logo makes a big impact. For example, a health centre in Ontario could choose a calming blue to reflect trust and wellness. People will recognize your van on the street and connect it right back to your mission.<\/span><\/li>\n<\/ul>\n<p>&nbsp;<\/p>\n<ul>\n<li style=\"font-weight: 400;\" aria-level=\"1\"><b>Standing out:<\/b><span style=\"font-weight: 400;\"> A custom colour helps your van stand out in communities where multiple groups operate. Imagine your bright green van pulling up to a housing program in Vancouver. It\u2019s immediately recognizable as yours.<\/span><\/li>\n<\/ul>\n<p>&nbsp;<\/p>\n<ul>\n<li style=\"font-weight: 400;\" aria-level=\"1\"><b>Community pride:<\/b><span style=\"font-weight: 400;\"> In some regions of Canada, colours tie deeply to cultural identity. A First Nation community might want colours that reflect their flag or heritage, turning the van into a source of pride.<\/span><\/li>\n<\/ul>\n<p>&nbsp;<\/p>\n<ul>\n<li style=\"font-weight: 400;\" aria-level=\"1\"><b>Visibility and safety:<\/b><span style=\"font-weight: 400;\"> Brighter colours can also improve visibility on the road, much like white does. A vibrant colour catches attention, which helps other drivers notice your vehicle.<\/span><\/li>\n<\/ul>\n<p>&nbsp;<\/p>\n<ul>\n<li style=\"font-weight: 400;\" aria-level=\"1\"><b>Personal connection:<\/b><span style=\"font-weight: 400;\"> A custom-coloured van can feel more welcoming for the people you serve. Instead of stepping into a standard white vehicle, they see a van that feels like it belongs to their community.<\/span><\/li>\n<\/ul>\n<p>&nbsp;<\/p>\n<p><span style=\"font-weight: 400;\">Think of a custom colour as a way to extend your organization\u2019s values into something tangible. The van becomes a moving piece of your story.<\/span><\/p>\n<p><span style=\"font-weight: 400;\">Of course, a custom colour isn\u2019t right for every group. Some organizations want to get their van on the road as quickly as possible, and for them, white makes more sense. But if you can handle the wait and want your van to carry a bit more personality, a custom order could be a smart move.<\/span><\/p>\n<p><span style=\"font-weight: 400;\">So now you might be asking, how do you decide between sticking with white or going custom? In the next section, we\u2019ll explore how to weigh the choice based on your goals, budget, and timeline.<\/span><\/p>\n<p>&nbsp;<\/p>\n<div style=\"text-align: center; margin: 40px 0;\">\n<div style=\"margin: 60px 0; padding: 20px;\"><a style=\"display: inline-flex; justify-content: center; align-items: center; background-color: #8cc63e; color: #ffffff; font-family: 'Roboto', sans-serif; font-size: 20px; font-weight: bold; text-decoration: none; padding: 14px 30px; border-radius: 5px; line-height: 0; height: 40px; transition: background-color 0.2s ease, text-decoration 0.2s ease;\" href=\"https:\/\/www.movemobility.ca\/fr\/ressources\/comment-choisir-un-van-pour-fauteuils-roulants-en-11-etapes\/\"><br \/>\nComment choisir un fourgon pour fauteuils roulants ?<br \/>\n<\/a><\/div>\n<\/div>\n<p>&nbsp;<\/p>\n<h2>How do you decide between white and custom colours for accessible vans?<\/h2>\n<p>&nbsp;<\/p>\n<figure id=\"attachment_43759\" aria-describedby=\"caption-attachment-43759\" style=\"width: 640px\" class=\"wp-caption alignnone\"><img decoding=\"async\" class=\"size-full wp-image-43759 lazyload\" data-src=\"https:\/\/www.movemobility.ca\/wp-content\/uploads\/2020\/09\/P3-with-Powered-Side-Entry-Ramp-04.jpg\" alt=\"Fourgon de mobilit\u00e9 accessible promaster avec rampe d\u00e9ploy\u00e9e. Fourgon accessible en fauteuil roulant.\" width=\"640\" height=\"427\" data-srcset=\"https:\/\/www.movemobility.ca\/wp-content\/uploads\/2020\/09\/P3-with-Powered-Side-Entry-Ramp-04.jpg 640w, https:\/\/www.movemobility.ca\/wp-content\/uploads\/2020\/09\/P3-with-Powered-Side-Entry-Ramp-04-400x267.jpg 400w, https:\/\/www.movemobility.ca\/wp-content\/uploads\/2020\/09\/P3-with-Powered-Side-Entry-Ramp-04-125x83.jpg 125w, https:\/\/www.movemobility.ca\/wp-content\/uploads\/2020\/09\/P3-with-Powered-Side-Entry-Ramp-04-75x50.jpg 75w, https:\/\/www.movemobility.ca\/wp-content\/uploads\/2020\/09\/P3-with-Powered-Side-Entry-Ramp-04-100x67.jpg 100w, https:\/\/www.movemobility.ca\/wp-content\/uploads\/2020\/09\/P3-with-Powered-Side-Entry-Ramp-04-600x400.jpg 600w\" data-sizes=\"auto\" src=\"data:image\/svg+xml;base64,PHN2ZyB3aWR0aD0iMSIgaGVpZ2h0PSIxIiB4bWxucz0iaHR0cDovL3d3dy53My5vcmcvMjAwMC9zdmciPjwvc3ZnPg==\" style=\"--smush-placeholder-width: 640px; --smush-placeholder-aspect-ratio: 640\/427;\" data-original-sizes=\"(max-width: 640px) 100vw, 640px\" \/><figcaption id=\"caption-attachment-43759\" class=\"wp-caption-text\">Rampe d'acc\u00e8s motoris\u00e9e pour l'entr\u00e9e lat\u00e9rale<\/figcaption><\/figure>\n<p>&nbsp;<\/p>\n<p><span style=\"font-weight: 400;\">Now comes the big question: Do you go with a white van or order a custom colour? The answer depends on your goals, your budget, and how quickly you need your van on the road. Let\u2019s break it down so you can see which option fits your program best.<\/span><\/p>\n<p>&nbsp;<\/p>\n<h3>When does white make sense?<\/h3>\n<p><span style=\"font-weight: 400;\">White is the standard for a reason. If your top priority is getting a wheelchair accessible van as soon as possible, white is the way to go. Since white vans are already in stock more often, delivery is much faster than waiting for a factory order.<\/span><\/p>\n<p>&nbsp;<\/p>\n<p><span style=\"font-weight: 400;\">Other reasons to stick with white:<\/span><\/p>\n<ul>\n<li style=\"font-weight: 400;\" aria-level=\"1\"><b>Budget-friendly:<\/b><span style=\"font-weight: 400;\"> You won\u2019t spend extra on paint.<\/span><\/li>\n<\/ul>\n<p>&nbsp;<\/p>\n<ul>\n<li style=\"font-weight: 400;\" aria-level=\"1\"><b>Professional look:<\/b><span style=\"font-weight: 400;\"> A fresh white coat of paint has a trusted feel, perfect for hospitals and clinics.<\/span><\/li>\n<\/ul>\n<p>&nbsp;<\/p>\n<ul>\n<li style=\"font-weight: 400;\" aria-level=\"1\"><b>Resale value:<\/b><span style=\"font-weight: 400;\"> White is easy to <\/span><a href=\"https:\/\/www.movemobility.ca\/fr\/ressources\/meilleures-facons-de-vendre-un-vieux-fourgon-pour-fauteuils-roulants\/\"><span style=\"font-weight: 400;\">sell later<\/span><\/a><span style=\"font-weight: 400;\"> if your program <\/span><a href=\"https:\/\/www.movemobility.ca\/fr\/ressources\/personnalisation-de-fourgons-pour-fauteuils-roulants-dans-le-cadre-des-programmes-handi-et-de-transport-urbain\/\"><span style=\"font-weight: 400;\">upgrades or changes<\/span><\/a><span style=\"font-weight: 400;\">.<\/span><\/li>\n<\/ul>\n<p>&nbsp;<\/p>\n<p><span style=\"font-weight: 400;\">For many groups, these factors make white the most practical choice.<\/span><\/p>\n<p>&nbsp;<\/p>\n<h3>When does a custom colour make sense?<\/h3>\n<p><span style=\"font-weight: 400;\">A custom colour is worth considering if you want your van to stand out and feel <\/span><a href=\"https:\/\/www.verywellmind.com\/color-psychology-2795824\"><span style=\"font-weight: 400;\">unique to your mission<\/span><\/a><span style=\"font-weight: 400;\">. If you\u2019re willing to wait around six months for delivery and spend up to around $5,000, a custom colour gives you benefits that white can\u2019t.<\/span><\/p>\n<p>&nbsp;<\/p>\n<p><span style=\"font-weight: 400;\">Situations where custom works best:<\/span><\/p>\n<ul>\n<li style=\"font-weight: 400;\" aria-level=\"1\"><b>Strong branding:<\/b><span style=\"font-weight: 400;\"> Your organization uses specific colours that people already recognize.<\/span><\/li>\n<\/ul>\n<p>&nbsp;<\/p>\n<ul>\n<li style=\"font-weight: 400;\" aria-level=\"1\"><b>Community connection:<\/b><span style=\"font-weight: 400;\"> A colour that reflects culture, heritage, or local pride.<\/span><\/li>\n<\/ul>\n<p>&nbsp;<\/p>\n<ul>\n<li style=\"font-weight: 400;\" aria-level=\"1\"><b>Visibility:<\/b><span style=\"font-weight: 400;\"> A brighter custom colour can help people notice your van quickly.<\/span><\/li>\n<\/ul>\n<p>&nbsp;<\/p>\n<p><span style=\"font-weight: 400;\">Think of custom as a long-term investment. It makes your van a symbol of your program and helps people identify with it right away.<\/span><\/p>\n<p>&nbsp;<\/p>\n<h3>How do you balance the two options?<\/h3>\n<p><span style=\"font-weight: 400;\">If you\u2019re torn, ask yourself:<\/span><\/p>\n<ul>\n<li style=\"font-weight: 400;\" aria-level=\"1\"><span style=\"font-weight: 400;\">How soon do we need this van?<\/span><\/li>\n<\/ul>\n<p>&nbsp;<\/p>\n<ul>\n<li style=\"font-weight: 400;\" aria-level=\"1\"><span style=\"font-weight: 400;\">Does our community or brand identity rely on colour recognition?<\/span><\/li>\n<\/ul>\n<p>&nbsp;<\/p>\n<ul>\n<li style=\"font-weight: 400;\" aria-level=\"1\"><span style=\"font-weight: 400;\">Do we want to <\/span><a href=\"https:\/\/www.movemobility.ca\/fr\/ressources\/payment-options\/\"><span style=\"font-weight: 400;\">save money<\/span><\/a><span style=\"font-weight: 400;\"> now or invest a little more for visibility and branding?<\/span><\/li>\n<\/ul>\n<p>&nbsp;<\/p>\n<p><span style=\"font-weight: 400;\">There\u2019s no wrong answer here. Both options support your mission. White gets your van on the road faster, while custom adds personality and connection.<\/span><\/p>\n<p>&nbsp;<\/p>\n<h2>Got any questions about colour choices for accessible vans?<\/h2>\n<p><span style=\"font-weight: 400;\">You came here searching for answers about colour choices for accessible vans because you wanted clarity. Maybe you weren\u2019t sure if you were stuck with plain white or if a custom colour was possible. That uncertainty can feel frustrating when trying to make the best decision for your organization.<\/span><\/p>\n<p>&nbsp;<\/p>\n<p><span style=\"font-weight: 400;\">Here\u2019s what you learned in this article:<\/span><\/p>\n<ul>\n<li style=\"font-weight: 400;\" aria-level=\"1\"><b>White vans:<\/b><span style=\"font-weight: 400;\"> Why white is the standard choice, the benefits, and why so many health teams go with it.<\/span><\/li>\n<\/ul>\n<p>&nbsp;<\/p>\n<ul>\n<li style=\"font-weight: 400;\" aria-level=\"1\"><b>Custom colours:<\/b><span style=\"font-weight: 400;\"> How long they take to get, what they cost, and the benefits they bring to branding and visibility.<\/span><\/li>\n<\/ul>\n<p>&nbsp;<\/p>\n<ul>\n<li style=\"font-weight: 400;\" aria-level=\"1\"><b>Decision-making:<\/b><span style=\"font-weight: 400;\"> How to weigh speed, cost, and identity to choose what works best for your program.<\/span><\/li>\n<\/ul>\n<p>&nbsp;<\/p>\n<p><span style=\"font-weight: 400;\">Au <\/span><a href=\"https:\/\/www.movemobility.ca\/fr\/\"><span style=\"font-weight: 400;\">MoveMobility<\/span><\/a><span style=\"font-weight: 400;\">, our team helps organizations like yours turn ideas into real-world solutions. We don\u2019t build cookie-cutter vans. We build vehicles designed for your people, your mission, and your goals. That\u2019s why our vans go beyond transportation; they create dignity and open doors to reliable transportation and care. If you have questions about colour choices or any other part of the process, click the button below to talk with a mobility expert who gets it.<\/span><\/p>\n<p><span style=\"font-weight: 400;\">If you\u2019re not ready to talk to a mobility expert yet, here are three articles we recommend to keep you moving forward:<\/span><\/p>\n<ul>\n<li style=\"font-weight: 400;\" aria-level=\"1\"><a href=\"https:\/\/www.movemobility.ca\/fr\/ressources\/how-long-does-it-take-to-get-wheelchair-van\/\"><span style=\"font-weight: 400;\">Combien de temps faut-il pour obtenir une camionnette pour fauteuil roulant ?<\/span><\/a><span style=\"font-weight: 400;\">?\u00a0 A natural next step since custom colours affect delivery timelines.<\/span><\/li>\n<\/ul>\n<p>&nbsp;<\/p>\n<ul>\n<li style=\"font-weight: 400;\" aria-level=\"1\"><a href=\"https:\/\/www.movemobility.ca\/fr\/ressources\/comparer-les-devis-de-fourgonnettes-pour-fauteuils-roulants\/\"><span style=\"font-weight: 400;\">How to compare wheelchair van quotes<\/span><\/a><span style=\"font-weight: 400;\">: Helps you compare various quotes while you\u2019re shopping for a wheelchair van.<\/span><\/li>\n<\/ul>\n<p>&nbsp;<\/p>\n<ul>\n<li><a href=\"https:\/\/www.movemobility.ca\/fr\/ressources\/cost-of-wheelchair-accessible-van\/\"><span style=\"font-weight: 400;\">What is the cost of a wheelchair accessible van<\/span><\/a><span style=\"font-weight: 400;\">? Gives you a complete picture of what you can expect to pay for a wheelchair accessible van<\/span><\/li>\n<\/ul>\n<p>&nbsp;<\/p>\n<p><div class=\"lazyload smush-lazyload-video smush-lazyload-vimeo\" style=\"--smush-video-aspect-ratio: 800\/450\" data-bg-image=\"url(https:\/\/i.vimeocdn.com\/video\/2103310594-891c8117c84bfd1adc3f66e6181c2155603add056a9cc486aedfc47d1433d608-d_960?region=us)\" ><iframe title=\"Ventiler le co\u00fbt des fourgons accessibles aux fauteuils roulants : Types, prix et garanties\" data-src=\"https:\/\/player.vimeo.com\/video\/963258742?h=ddacad7a20&amp;dnt=1&amp;app_id=122963\" width=\"800\" height=\"450\" frameborder=\"0\" allow=\"autoplay; fullscreen; picture-in-picture; clipboard-write; encrypted-media; web-share\" referrerpolicy=\"strict-origin-when-cross-origin\" src=\"data:image\/svg+xml;base64,PHN2ZyB3aWR0aD0iMSIgaGVpZ2h0PSIxIiB4bWxucz0iaHR0cDovL3d3dy53My5vcmcvMjAwMC9zdmciPjwvc3ZnPg==\"><\/iframe><span class=\"smush-play-btn\" role=\"button\" aria-label=\"Play video\">\r\n\t\t\t\t<span tabindex=\"0\" class=\"smush-play-btn-inner\">\r\n\t\t\t\t\t<span>Play<\/span>\r\n\t\t\t\t<\/span>\r\n\t\t\t<\/span><\/div><\/p>\n<div style=\"text-align: center; margin: 40px 0;\">\n<div style=\"margin: 60px 0; padding: 20px;\"><a style=\"display: inline-flex; justify-content: center; align-items: center; background-color: #58585a; color: #ffffff; font-family: 'Roboto', sans-serif; font-size: 20px; font-weight: bold; text-decoration: none; padding: 14px 30px; border-radius: 5px; line-height: 0; height: 40px; transition: background-color 0.2s ease, text-decoration 0.2s ease;\" href=\"#request-info-form\"><br \/>\nParler \u00e0 un expert en mobilit\u00e9<br \/>\n<\/a><\/div>\n<\/div>\n<p><script>\n  document.addEventListener(\"DOMContentLoaded\", function () {\n    document.querySelectorAll('a').forEach(function (link) {\n      if (link.getAttribute('href') !== '#request-info-form') {\n        link.setAttribute('target', '_blank');\n        link.setAttribute('rel', 'noopener noreferrer');\n      }\n    });\n  });\n<\/script><\/p>","protected":false},"excerpt":{"rendered":"<p>Did you know that even the colour of a wheelchair accessible van can change how people feel about using it? Colour choices for accessible vans might seem small, but they can make a big difference.\u00a0 Picture this: You\u2019ve worked hard to set up safe, reliable transportation, but you\u2019ve chosen the wrong colour of your van, [&hellip;]<\/p>\n","protected":false},"author":17,"featured_media":212603,"comment_status":"closed","ping_status":"closed","sticky":false,"template":"","format":"standard","meta":{"content-type":"","footnotes":""},"categories":[2677,2678],"tags":[18,19,11,22,16],"type-of-project":[2947,2970,2948,2945],"product-family":[2943,2941],"the-big-5":[2939],"section":[2932],"resource":[2926],"class_list":["post-283413","post","type-post","status-publish","format-standard","has-post-thumbnail","hentry","category-full-size-whelechair-vans","category-wheelchair-accessible-minivans","tag-wheelchair-accessible-van","tag-wheelchair-accessible-vans","tag-wheelchair-accessible-vehicle","tag-wheelchair-vans","tag-wheelchair-vehicles","type-of-project-adult-daycare-and-community-living","type-of-project-first-nations-indigenous-communities","type-of-project-stretcher-patient-transfer","type-of-project-urban-handi-transit","product-family-mini-van","product-family-wheelchair-van","the-big-5-questions","section-considering","resource-article"],"yoast_head":"<!-- This site is optimized with the Yoast SEO plugin v27.1.1 - https:\/\/yoast.com\/product\/yoast-seo-wordpress\/ -->\n<title>What Are the Colour Choices for Accessible Vans?<\/title>\n<meta name=\"description\" content=\"What are the colour choices for accessible vans in Canada? Learn which options are available and how they can match your organization\u2019s needs.\" \/>\n<meta name=\"robots\" content=\"index, follow, max-snippet:-1, max-image-preview:large, max-video-preview:-1\" \/>\n<link rel=\"canonical\" href=\"https:\/\/www.movemobility.ca\/fr\/ressources\/accessible-van-colour-choices\/\" \/>\n<meta property=\"og:locale\" content=\"fr_CA\" \/>\n<meta property=\"og:type\" content=\"article\" \/>\n<meta property=\"og:title\" content=\"What Are the Colour Choices for Accessible Vans?\" \/>\n<meta property=\"og:description\" content=\"What are the colour choices for accessible vans in Canada? Learn which options are available and how they can match your organization\u2019s needs.\" \/>\n<meta property=\"og:url\" content=\"https:\/\/www.movemobility.ca\/fr\/ressources\/accessible-van-colour-choices\/\" \/>\n<meta property=\"og:site_name\" content=\"MoveMobility\" \/>\n<meta property=\"article:publisher\" content=\"https:\/\/www.facebook.com\/mobilitymove\/\" \/>\n<meta property=\"article:published_time\" content=\"2025-10-20T12:00:38+00:00\" \/>\n<meta property=\"og:image\" content=\"https:\/\/www.movemobility.ca\/wp-content\/uploads\/2024\/09\/DSC00899.jpg\" \/>\n\t<meta property=\"og:image:width\" content=\"640\" \/>\n\t<meta property=\"og:image:height\" content=\"421\" \/>\n\t<meta property=\"og:image:type\" content=\"image\/jpeg\" \/>\n<meta name=\"author\" content=\"Quinn Springett\" \/>\n<meta name=\"twitter:card\" content=\"summary_large_image\" \/>\n<meta name=\"twitter:creator\" content=\"@mobility_move\" \/>\n<meta name=\"twitter:site\" content=\"@mobility_move\" \/>\n<meta name=\"twitter:label1\" content=\"\u00c9crit par\" \/>\n\t<meta name=\"twitter:data1\" content=\"Quinn Springett\" \/>\n\t<meta name=\"twitter:label2\" content=\"Estimation du temps de lecture\" \/>\n\t<meta name=\"twitter:data2\" content=\"9 minutes\" \/>\n<script type=\"application\/ld+json\" class=\"yoast-schema-graph\">{\"@context\":\"https:\/\/schema.org\",\"@graph\":[{\"@type\":\"Article\",\"@id\":\"https:\/\/www.movemobility.ca\/resources\/accessible-van-colour-choices\/#article\",\"isPartOf\":{\"@id\":\"https:\/\/www.movemobility.ca\/resources\/accessible-van-colour-choices\/\"},\"author\":{\"name\":\"Quinn Springett\",\"@id\":\"https:\/\/movemobility.ca\/#\/schema\/person\/b112a07b7817e5defdc30faa0d9c6a49\"},\"headline\":\"What Are the Colour Choices for Accessible Vans?\",\"datePublished\":\"2025-10-20T12:00:38+00:00\",\"mainEntityOfPage\":{\"@id\":\"https:\/\/www.movemobility.ca\/resources\/accessible-van-colour-choices\/\"},\"wordCount\":1760,\"publisher\":{\"@id\":\"https:\/\/movemobility.ca\/#organization\"},\"image\":{\"@id\":\"https:\/\/www.movemobility.ca\/resources\/accessible-van-colour-choices\/#primaryimage\"},\"thumbnailUrl\":\"https:\/\/www.movemobility.ca\/wp-content\/uploads\/2024\/09\/DSC00899.jpg\",\"keywords\":[\"wheelchair accessible van\",\"wheelchair accessible vans\",\"wheelchair accessible vehicle\",\"wheelchair vans\",\"wheelchair vehicles\"],\"articleSection\":[\"Full Size Wheelchair Vans\",\"Wheelchair Accessible Minivans\"],\"inLanguage\":\"fr-CA\"},{\"@type\":\"WebPage\",\"@id\":\"https:\/\/www.movemobility.ca\/resources\/accessible-van-colour-choices\/\",\"url\":\"https:\/\/www.movemobility.ca\/resources\/accessible-van-colour-choices\/\",\"name\":\"What Are the Colour Choices for Accessible Vans?\",\"isPartOf\":{\"@id\":\"https:\/\/movemobility.ca\/#website\"},\"primaryImageOfPage\":{\"@id\":\"https:\/\/www.movemobility.ca\/resources\/accessible-van-colour-choices\/#primaryimage\"},\"image\":{\"@id\":\"https:\/\/www.movemobility.ca\/resources\/accessible-van-colour-choices\/#primaryimage\"},\"thumbnailUrl\":\"https:\/\/www.movemobility.ca\/wp-content\/uploads\/2024\/09\/DSC00899.jpg\",\"datePublished\":\"2025-10-20T12:00:38+00:00\",\"description\":\"What are the colour choices for accessible vans in Canada? Learn which options are available and how they can match your organization\u2019s needs.\",\"breadcrumb\":{\"@id\":\"https:\/\/www.movemobility.ca\/resources\/accessible-van-colour-choices\/#breadcrumb\"},\"inLanguage\":\"fr-CA\",\"potentialAction\":[{\"@type\":\"ReadAction\",\"target\":[\"https:\/\/www.movemobility.ca\/resources\/accessible-van-colour-choices\/\"]}]},{\"@type\":\"ImageObject\",\"inLanguage\":\"fr-CA\",\"@id\":\"https:\/\/www.movemobility.ca\/resources\/accessible-van-colour-choices\/#primaryimage\",\"url\":\"https:\/\/www.movemobility.ca\/wp-content\/uploads\/2024\/09\/DSC00899.jpg\",\"contentUrl\":\"https:\/\/www.movemobility.ca\/wp-content\/uploads\/2024\/09\/DSC00899.jpg\",\"width\":640,\"height\":421,\"caption\":\"P5 Side Entry Promaster Wheelchair Van\"},{\"@type\":\"BreadcrumbList\",\"@id\":\"https:\/\/www.movemobility.ca\/resources\/accessible-van-colour-choices\/#breadcrumb\",\"itemListElement\":[{\"@type\":\"ListItem\",\"position\":1,\"name\":\"Wheelchair Accessible Vans &amp; Medical Vehicles\",\"item\":\"https:\/\/www.movemobility.ca\/\"},{\"@type\":\"ListItem\",\"position\":2,\"name\":\"What Are the Colour Choices for Accessible Vans?\"}]},{\"@type\":\"WebSite\",\"@id\":\"https:\/\/movemobility.ca\/#website\",\"url\":\"https:\/\/movemobility.ca\/\",\"name\":\"MoveMobility\",\"description\":\"Wheelchair Accessible Vans &amp; Medical Vehicles\",\"publisher\":{\"@id\":\"https:\/\/movemobility.ca\/#organization\"},\"potentialAction\":[{\"@type\":\"SearchAction\",\"target\":{\"@type\":\"EntryPoint\",\"urlTemplate\":\"https:\/\/movemobility.ca\/?s={search_term_string}\"},\"query-input\":{\"@type\":\"PropertyValueSpecification\",\"valueRequired\":true,\"valueName\":\"search_term_string\"}}],\"inLanguage\":\"fr-CA\"},{\"@type\":\"Organization\",\"@id\":\"https:\/\/movemobility.ca\/#organization\",\"name\":\"MoveMobility\",\"url\":\"https:\/\/movemobility.ca\/\",\"logo\":{\"@type\":\"ImageObject\",\"inLanguage\":\"fr-CA\",\"@id\":\"https:\/\/movemobility.ca\/#\/schema\/logo\/image\/\",\"url\":\"https:\/\/www.movemobility.ca\/wp-content\/uploads\/2021\/06\/MM_logo_Stacked-LG.png\",\"contentUrl\":\"https:\/\/www.movemobility.ca\/wp-content\/uploads\/2021\/06\/MM_logo_Stacked-LG.png\",\"width\":444,\"height\":114,\"caption\":\"MoveMobility\"},\"image\":{\"@id\":\"https:\/\/movemobility.ca\/#\/schema\/logo\/image\/\"},\"sameAs\":[\"https:\/\/www.facebook.com\/mobilitymove\/\",\"https:\/\/x.com\/mobility_move\",\"https:\/\/www.linkedin.com\/company\/3961770\/\",\"https:\/\/www.youtube.com\/channel\/UCiW-UIxjD6wjjX-7KS4z22g\/\"]},{\"@type\":\"Person\",\"@id\":\"https:\/\/movemobility.ca\/#\/schema\/person\/b112a07b7817e5defdc30faa0d9c6a49\",\"name\":\"Quinn Springett\",\"image\":{\"@type\":\"ImageObject\",\"inLanguage\":\"fr-CA\",\"@id\":\"https:\/\/movemobility.ca\/#\/schema\/person\/image\/\",\"url\":\"https:\/\/www.movemobility.ca\/wp-content\/wphb-cache\/gravatar\/965\/965413787c312966d9102a4b2aa60781x96.jpg\",\"contentUrl\":\"https:\/\/www.movemobility.ca\/wp-content\/wphb-cache\/gravatar\/965\/965413787c312966d9102a4b2aa60781x96.jpg\",\"caption\":\"Quinn Springett\"},\"sameAs\":[\"http:\/\/www.movemobility.ca\"]}]}<\/script>\n<!-- \/ Yoast SEO plugin. -->","yoast_head_json":{"title":"What Are the Colour Choices for Accessible Vans?","description":"What are the colour choices for accessible vans in Canada? Learn which options are available and how they can match your organization\u2019s needs.","robots":{"index":"index","follow":"follow","max-snippet":"max-snippet:-1","max-image-preview":"max-image-preview:large","max-video-preview":"max-video-preview:-1"},"canonical":"https:\/\/www.movemobility.ca\/fr\/ressources\/accessible-van-colour-choices\/","og_locale":"fr_CA","og_type":"article","og_title":"What Are the Colour Choices for Accessible Vans?","og_description":"What are the colour choices for accessible vans in Canada? Learn which options are available and how they can match your organization\u2019s needs.","og_url":"https:\/\/www.movemobility.ca\/fr\/ressources\/accessible-van-colour-choices\/","og_site_name":"MoveMobility","article_publisher":"https:\/\/www.facebook.com\/mobilitymove\/","article_published_time":"2025-10-20T12:00:38+00:00","og_image":[{"width":640,"height":421,"url":"https:\/\/www.movemobility.ca\/wp-content\/uploads\/2024\/09\/DSC00899.jpg","type":"image\/jpeg"}],"author":"Quinn Springett","twitter_card":"summary_large_image","twitter_creator":"@mobility_move","twitter_site":"@mobility_move","twitter_misc":{"\u00c9crit par":"Quinn Springett","Estimation du temps de lecture":"9 minutes"},"schema":{"@context":"https:\/\/schema.org","@graph":[{"@type":"Article","@id":"https:\/\/www.movemobility.ca\/resources\/accessible-van-colour-choices\/#article","isPartOf":{"@id":"https:\/\/www.movemobility.ca\/resources\/accessible-van-colour-choices\/"},"author":{"name":"Quinn Springett","@id":"https:\/\/movemobility.ca\/#\/schema\/person\/b112a07b7817e5defdc30faa0d9c6a49"},"headline":"What Are the Colour Choices for Accessible Vans?","datePublished":"2025-10-20T12:00:38+00:00","mainEntityOfPage":{"@id":"https:\/\/www.movemobility.ca\/resources\/accessible-van-colour-choices\/"},"wordCount":1760,"publisher":{"@id":"https:\/\/movemobility.ca\/#organization"},"image":{"@id":"https:\/\/www.movemobility.ca\/resources\/accessible-van-colour-choices\/#primaryimage"},"thumbnailUrl":"https:\/\/www.movemobility.ca\/wp-content\/uploads\/2024\/09\/DSC00899.jpg","keywords":["wheelchair accessible van","wheelchair accessible vans","wheelchair accessible vehicle","wheelchair vans","wheelchair vehicles"],"articleSection":["Full Size Wheelchair Vans","Wheelchair Accessible Minivans"],"inLanguage":"fr-CA"},{"@type":"WebPage","@id":"https:\/\/www.movemobility.ca\/resources\/accessible-van-colour-choices\/","url":"https:\/\/www.movemobility.ca\/resources\/accessible-van-colour-choices\/","name":"What Are the Colour Choices for Accessible Vans?","isPartOf":{"@id":"https:\/\/movemobility.ca\/#website"},"primaryImageOfPage":{"@id":"https:\/\/www.movemobility.ca\/resources\/accessible-van-colour-choices\/#primaryimage"},"image":{"@id":"https:\/\/www.movemobility.ca\/resources\/accessible-van-colour-choices\/#primaryimage"},"thumbnailUrl":"https:\/\/www.movemobility.ca\/wp-content\/uploads\/2024\/09\/DSC00899.jpg","datePublished":"2025-10-20T12:00:38+00:00","description":"What are the colour choices for accessible vans in Canada? Learn which options are available and how they can match your organization\u2019s needs.","breadcrumb":{"@id":"https:\/\/www.movemobility.ca\/resources\/accessible-van-colour-choices\/#breadcrumb"},"inLanguage":"fr-CA","potentialAction":[{"@type":"ReadAction","target":["https:\/\/www.movemobility.ca\/resources\/accessible-van-colour-choices\/"]}]},{"@type":"ImageObject","inLanguage":"fr-CA","@id":"https:\/\/www.movemobility.ca\/resources\/accessible-van-colour-choices\/#primaryimage","url":"https:\/\/www.movemobility.ca\/wp-content\/uploads\/2024\/09\/DSC00899.jpg","contentUrl":"https:\/\/www.movemobility.ca\/wp-content\/uploads\/2024\/09\/DSC00899.jpg","width":640,"height":421,"caption":"P5 Side Entry Promaster Wheelchair Van"},{"@type":"BreadcrumbList","@id":"https:\/\/www.movemobility.ca\/resources\/accessible-van-colour-choices\/#breadcrumb","itemListElement":[{"@type":"ListItem","position":1,"name":"Wheelchair Accessible Vans &amp; Medical Vehicles","item":"https:\/\/www.movemobility.ca\/"},{"@type":"ListItem","position":2,"name":"What Are the Colour Choices for Accessible Vans?"}]},{"@type":"WebSite","@id":"https:\/\/movemobility.ca\/#website","url":"https:\/\/movemobility.ca\/","name":"MoveMobility","description":"Fourgons et v\u00e9hicules m\u00e9dicaux accessibles aux fauteuils roulants","publisher":{"@id":"https:\/\/movemobility.ca\/#organization"},"potentialAction":[{"@type":"SearchAction","target":{"@type":"EntryPoint","urlTemplate":"https:\/\/movemobility.ca\/?s={search_term_string}"},"query-input":{"@type":"PropertyValueSpecification","valueRequired":true,"valueName":"search_term_string"}}],"inLanguage":"fr-CA"},{"@type":"Organization","@id":"https:\/\/movemobility.ca\/#organization","name":"MoveMobility","url":"https:\/\/movemobility.ca\/","logo":{"@type":"ImageObject","inLanguage":"fr-CA","@id":"https:\/\/movemobility.ca\/#\/schema\/logo\/image\/","url":"https:\/\/www.movemobility.ca\/wp-content\/uploads\/2021\/06\/MM_logo_Stacked-LG.png","contentUrl":"https:\/\/www.movemobility.ca\/wp-content\/uploads\/2021\/06\/MM_logo_Stacked-LG.png","width":444,"height":114,"caption":"MoveMobility"},"image":{"@id":"https:\/\/movemobility.ca\/#\/schema\/logo\/image\/"},"sameAs":["https:\/\/www.facebook.com\/mobilitymove\/","https:\/\/x.com\/mobility_move","https:\/\/www.linkedin.com\/company\/3961770\/","https:\/\/www.youtube.com\/channel\/UCiW-UIxjD6wjjX-7KS4z22g\/"]},{"@type":"Person","@id":"https:\/\/movemobility.ca\/#\/schema\/person\/b112a07b7817e5defdc30faa0d9c6a49","name":"Quinn Springett","image":{"@type":"ImageObject","inLanguage":"fr-CA","@id":"https:\/\/movemobility.ca\/#\/schema\/person\/image\/","url":"https:\/\/www.movemobility.ca\/wp-content\/wphb-cache\/gravatar\/965\/965413787c312966d9102a4b2aa60781x96.jpg","contentUrl":"https:\/\/www.movemobility.ca\/wp-content\/wphb-cache\/gravatar\/965\/965413787c312966d9102a4b2aa60781x96.jpg","caption":"Quinn Springett"},"sameAs":["http:\/\/www.movemobility.ca"]}]}},"_links":{"self":[{"href":"https:\/\/www.movemobility.ca\/fr\/wp-json\/wp\/v2\/posts\/283413","targetHints":{"allow":["GET"]}}],"collection":[{"href":"https:\/\/www.movemobility.ca\/fr\/wp-json\/wp\/v2\/posts"}],"about":[{"href":"https:\/\/www.movemobility.ca\/fr\/wp-json\/wp\/v2\/types\/post"}],"author":[{"embeddable":true,"href":"https:\/\/www.movemobility.ca\/fr\/wp-json\/wp\/v2\/users\/17"}],"replies":[{"embeddable":true,"href":"https:\/\/www.movemobility.ca\/fr\/wp-json\/wp\/v2\/comments?post=283413"}],"version-history":[{"count":0,"href":"https:\/\/www.movemobility.ca\/fr\/wp-json\/wp\/v2\/posts\/283413\/revisions"}],"wp:featuredmedia":[{"embeddable":true,"href":"https:\/\/www.movemobility.ca\/fr\/wp-json\/wp\/v2\/media\/212603"}],"wp:attachment":[{"href":"https:\/\/www.movemobility.ca\/fr\/wp-json\/wp\/v2\/media?parent=283413"}],"wp:term":[{"taxonomy":"category","embeddable":true,"href":"https:\/\/www.movemobility.ca\/fr\/wp-json\/wp\/v2\/categories?post=283413"},{"taxonomy":"post_tag","embeddable":true,"href":"https:\/\/www.movemobility.ca\/fr\/wp-json\/wp\/v2\/tags?post=283413"},{"taxonomy":"type-of-project","embeddable":true,"href":"https:\/\/www.movemobility.ca\/fr\/wp-json\/wp\/v2\/type-of-project?post=283413"},{"taxonomy":"product-family","embeddable":true,"href":"https:\/\/www.movemobility.ca\/fr\/wp-json\/wp\/v2\/product-family?post=283413"},{"taxonomy":"the-big-5","embeddable":true,"href":"https:\/\/www.movemobility.ca\/fr\/wp-json\/wp\/v2\/the-big-5?post=283413"},{"taxonomy":"section","embeddable":true,"href":"https:\/\/www.movemobility.ca\/fr\/wp-json\/wp\/v2\/section?post=283413"},{"taxonomy":"resource","embeddable":true,"href":"https:\/\/www.movemobility.ca\/fr\/wp-json\/wp\/v2\/resource?post=283413"}],"curies":[{"name":"wp","href":"https:\/\/api.w.org\/{rel}","templated":true}]}}