{"id":274832,"date":"2025-07-25T14:43:43","date_gmt":"2025-07-25T19:43:43","guid":{"rendered":"https:\/\/www.movemobility.ca\/?p=274832"},"modified":"2025-07-29T12:45:08","modified_gmt":"2025-07-29T17:45:08","slug":"succes-du-transport-communautaire-dans-la-region-de-caledon","status":"publish","type":"post","link":"https:\/\/www.movemobility.ca\/fr\/resources\/caledon-community-transport-success\/","title":{"rendered":"(Vid\u00e9o) La r\u00e9ponse accessible au d\u00e9fi du transport en commun \u00e0 Caledon"},"content":{"rendered":"<p data-start=\"293\" data-end=\"512\">Comment garder les gens en contact dans une communaut\u00e9 qui s'\u00e9tend sur des kilom\u00e8tres de paysage rural ?<\/p>\n<p data-start=\"293\" data-end=\"512\">Pour Caledon, il ne s'agit pas seulement de routes et d'itin\u00e9raires, mais de s'assurer que tout le monde a acc\u00e8s aux moments et aux services qui comptent le plus.<\/p>\n<p data-start=\"514\" data-end=\"762\"><a href=\"https:\/\/ccs4u.org\/\">Services communautaires de Caledon<\/a> a \u00e9t\u00e9 confront\u00e9e \u00e0 un d\u00e9fi familier : faire en sorte que les personnes \u00e2g\u00e9es, les nouveaux arrivants et les adultes handicap\u00e9s puissent rester engag\u00e9s, se rendre \u00e0 leurs rendez-vous et continuer \u00e0 faire partie de la vie quotidienne. La distance peut rendre la connexion plus difficile, mais pas impossible.<\/p>\n<p data-start=\"764\" data-end=\"1024\">Leur solution ? <a href=\"https:\/\/www.movemobility.ca\/fr\/fourgons-ram-promaster-accessibles-aux-fauteuils-roulants\/la-serie-p\/ram-promaster-p4\/\">Un fourgon accessible unique et adaptable<\/a> qui a modifi\u00e9 la fa\u00e7on dont les gens se d\u00e9placent dans la r\u00e9gion. Plus qu'un simple v\u00e9hicule, il fait partie d'une approche plus large des solutions de transport communautaire con\u00e7ues pour donner la priorit\u00e9 au confort, \u00e0 l'accessibilit\u00e9 et \u00e0 la flexibilit\u00e9.<\/p>\n<p data-start=\"1026\" data-end=\"1317\">Ce fourgon dispose de si\u00e8ges amovibles, de lignes de visibilit\u00e9 claires et de fonctions intuitives que les conducteurs et les passagers appr\u00e9cient. Qu'il s'agisse d'aider quelqu'un \u00e0 se rendre \u00e0 un rendez-vous m\u00e9dical, \u00e0 faire ses courses ou \u00e0 rendre visite \u00e0 ses proches, il offre plus qu'un moyen de transport, il apporte libert\u00e9 et dignit\u00e9.<\/p>\n<p data-start=\"1319\" data-end=\"1500\">Les Caledon Community Services n'ont pas seulement trouv\u00e9 un v\u00e9hicule. Ils ont trouv\u00e9 un partenaire en la personne d'un fournisseur canadien de services de mobilit\u00e9 qui comprenait leur vision.<\/p>\n<p data-start=\"1319\" data-end=\"1500\">Le r\u00e9sultat : une adaptation personnalis\u00e9e au paysage et \u00e0 la communaut\u00e9 de Caledon.<\/p>\n<p data-start=\"1502\" data-end=\"1750\">Gr\u00e2ce \u00e0 cette camionnette accessible et \u00e0 l'\u00e9quipe d\u00e9vou\u00e9e qui l'a mise au point, des personnes qui restaient autrefois \u00e0 la maison sont aujourd'hui \u00e0 l'ext\u00e9rieur, en train de vivre, de se connecter et de prosp\u00e9rer. Voil\u00e0 \u00e0 quoi ressemblent les vraies solutions de transport communautaire : une conception r\u00e9fl\u00e9chie qui r\u00e9pond \u00e0 des besoins concrets.<\/p>\n<p data-start=\"1752\" data-end=\"1869\">Cette vid\u00e9o vous fait d\u00e9couvrir cette histoire, celle o\u00f9 l'inclusion devient mobile et o\u00f9 la connexion est toujours \u00e0 port\u00e9e de main.<\/p>\n<p data-start=\"1752\" data-end=\"1869\">Regardez la vid\u00e9o ci-dessus pour voir comment Caledon a r\u00e9uni mobilit\u00e9 et connexion, et imaginez comment les solutions de transport communautaire pourraient fonctionner dans votre propre r\u00e9gion.<\/p>\n<p data-start=\"2061\" data-end=\"2150\">Vous voulez passer \u00e0 l'\u00e9tape suivante ?<\/p>","protected":false},"excerpt":{"rendered":"<p>How do you keep people connected in a community that spans miles of rural landscape? For Caledon, it\u2019s not just about roads and rides, it\u2019s about ensuring everyone has access to the moments and services that matter most. Caledon Community Services faced a familiar challenge: ensuring seniors, newcomers, and adults with disabilities could stay engaged, [&hellip;]<\/p>\n","protected":false},"author":26,"featured_media":274833,"comment_status":"closed","ping_status":"closed","sticky":false,"template":"","format":"standard","meta":{"content-type":"","footnotes":""},"categories":[1],"tags":[],"type-of-project":[2947,2945],"product-family":[2941],"the-big-5":[2940],"section":[2932],"resource":[2927],"class_list":["post-274832","post","type-post","status-publish","format-standard","has-post-thumbnail","hentry","category-other","type-of-project-adult-daycare-and-community-living","type-of-project-urban-handi-transit","product-family-wheelchair-van","the-big-5-case-studies","section-considering","resource-video"],"yoast_head":"<!-- This site is optimized with the Yoast SEO plugin v27.1.1 - https:\/\/yoast.com\/product\/yoast-seo-wordpress\/ -->\n<title>(Video) The Accessible Answer to Caledon\u2019s Transit Challenge<\/title>\n<meta name=\"description\" content=\"Community transport solutions for freedom and inclusion, discover how Caledon tackled isolation with smart, accessible mobility.\" \/>\n<meta name=\"robots\" content=\"index, follow, max-snippet:-1, max-image-preview:large, max-video-preview:-1\" \/>\n<link rel=\"canonical\" href=\"https:\/\/movemobility.ca\/resources\/caledon-community-transport-success\/\" \/>\n<meta property=\"og:locale\" content=\"fr_CA\" \/>\n<meta property=\"og:type\" content=\"article\" \/>\n<meta property=\"og:title\" content=\"(Video) The Accessible Answer to Caledon\u2019s Transit Challenge\" \/>\n<meta property=\"og:description\" content=\"Community transport solutions for freedom and inclusion, discover how Caledon tackled isolation with smart, accessible mobility.\" \/>\n<meta property=\"og:url\" content=\"https:\/\/movemobility.ca\/resources\/caledon-community-transport-success\/\" \/>\n<meta property=\"og:site_name\" content=\"MoveMobility\" \/>\n<meta property=\"article:publisher\" content=\"https:\/\/www.facebook.com\/mobilitymove\/\" \/>\n<meta property=\"article:published_time\" content=\"2025-07-25T19:43:43+00:00\" \/>\n<meta property=\"article:modified_time\" content=\"2025-07-29T17:45:08+00:00\" \/>\n<meta property=\"og:image\" content=\"https:\/\/movemobility.ca\/wp-content\/uploads\/2025\/07\/Caledon-Web-Thumbnail.jpg\" \/>\n\t<meta property=\"og:image:width\" content=\"1400\" \/>\n\t<meta property=\"og:image:height\" content=\"940\" \/>\n\t<meta property=\"og:image:type\" content=\"image\/jpeg\" \/>\n<meta name=\"author\" content=\"Jorge Gonzalez\" \/>\n<meta name=\"twitter:card\" content=\"summary_large_image\" \/>\n<meta name=\"twitter:creator\" content=\"@mobility_move\" \/>\n<meta name=\"twitter:site\" content=\"@mobility_move\" \/>\n<meta name=\"twitter:label1\" content=\"\u00c9crit par\" \/>\n\t<meta name=\"twitter:data1\" content=\"Jorge Gonzalez\" \/>\n\t<meta name=\"twitter:label2\" content=\"Estimation du temps de lecture\" \/>\n\t<meta name=\"twitter:data2\" content=\"2 minutes\" \/>\n<script type=\"application\/ld+json\" class=\"yoast-schema-graph\">{\"@context\":\"https:\/\/schema.org\",\"@graph\":[{\"@type\":\"Article\",\"@id\":\"https:\/\/movemobility.ca\/resources\/caledon-community-transport-success\/#article\",\"isPartOf\":{\"@id\":\"https:\/\/movemobility.ca\/resources\/caledon-community-transport-success\/\"},\"author\":{\"name\":\"Jorge Gonzalez\",\"@id\":\"https:\/\/movemobility.ca\/#\/schema\/person\/fab9b940db01f05743651c9ac7787031\"},\"headline\":\"(Video) The Accessible Answer to Caledon\u2019s Transit Challenge\",\"datePublished\":\"2025-07-25T19:43:43+00:00\",\"dateModified\":\"2025-07-29T17:45:08+00:00\",\"mainEntityOfPage\":{\"@id\":\"https:\/\/movemobility.ca\/resources\/caledon-community-transport-success\/\"},\"wordCount\":288,\"publisher\":{\"@id\":\"https:\/\/movemobility.ca\/#organization\"},\"image\":{\"@id\":\"https:\/\/movemobility.ca\/resources\/caledon-community-transport-success\/#primaryimage\"},\"thumbnailUrl\":\"https:\/\/www.movemobility.ca\/wp-content\/uploads\/2025\/07\/Caledon-Web-Thumbnail.jpg\",\"articleSection\":[\"Other\"],\"inLanguage\":\"fr-CA\"},{\"@type\":\"WebPage\",\"@id\":\"https:\/\/movemobility.ca\/resources\/caledon-community-transport-success\/\",\"url\":\"https:\/\/movemobility.ca\/resources\/caledon-community-transport-success\/\",\"name\":\"(Video) The Accessible Answer to Caledon\u2019s Transit Challenge\",\"isPartOf\":{\"@id\":\"https:\/\/movemobility.ca\/#website\"},\"primaryImageOfPage\":{\"@id\":\"https:\/\/movemobility.ca\/resources\/caledon-community-transport-success\/#primaryimage\"},\"image\":{\"@id\":\"https:\/\/movemobility.ca\/resources\/caledon-community-transport-success\/#primaryimage\"},\"thumbnailUrl\":\"https:\/\/www.movemobility.ca\/wp-content\/uploads\/2025\/07\/Caledon-Web-Thumbnail.jpg\",\"datePublished\":\"2025-07-25T19:43:43+00:00\",\"dateModified\":\"2025-07-29T17:45:08+00:00\",\"description\":\"Community transport solutions for freedom and inclusion, discover how Caledon tackled isolation with smart, accessible mobility.\",\"breadcrumb\":{\"@id\":\"https:\/\/movemobility.ca\/resources\/caledon-community-transport-success\/#breadcrumb\"},\"inLanguage\":\"fr-CA\",\"potentialAction\":[{\"@type\":\"ReadAction\",\"target\":[\"https:\/\/movemobility.ca\/resources\/caledon-community-transport-success\/\"]}]},{\"@type\":\"ImageObject\",\"inLanguage\":\"fr-CA\",\"@id\":\"https:\/\/movemobility.ca\/resources\/caledon-community-transport-success\/#primaryimage\",\"url\":\"https:\/\/www.movemobility.ca\/wp-content\/uploads\/2025\/07\/Caledon-Web-Thumbnail.jpg\",\"contentUrl\":\"https:\/\/www.movemobility.ca\/wp-content\/uploads\/2025\/07\/Caledon-Web-Thumbnail.jpg\",\"width\":1400,\"height\":940,\"caption\":\"Accessible Transportation for Communities\"},{\"@type\":\"BreadcrumbList\",\"@id\":\"https:\/\/movemobility.ca\/resources\/caledon-community-transport-success\/#breadcrumb\",\"itemListElement\":[{\"@type\":\"ListItem\",\"position\":1,\"name\":\"Wheelchair Accessible Vans &amp; Medical Vehicles\",\"item\":\"https:\/\/www.movemobility.ca\/\"},{\"@type\":\"ListItem\",\"position\":2,\"name\":\"(Video) The Accessible Answer to Caledon\u2019s Transit Challenge\"}]},{\"@type\":\"WebSite\",\"@id\":\"https:\/\/movemobility.ca\/#website\",\"url\":\"https:\/\/movemobility.ca\/\",\"name\":\"MoveMobility\",\"description\":\"Wheelchair Accessible Vans &amp; Medical Vehicles\",\"publisher\":{\"@id\":\"https:\/\/movemobility.ca\/#organization\"},\"potentialAction\":[{\"@type\":\"SearchAction\",\"target\":{\"@type\":\"EntryPoint\",\"urlTemplate\":\"https:\/\/movemobility.ca\/?s={search_term_string}\"},\"query-input\":{\"@type\":\"PropertyValueSpecification\",\"valueRequired\":true,\"valueName\":\"search_term_string\"}}],\"inLanguage\":\"fr-CA\"},{\"@type\":\"Organization\",\"@id\":\"https:\/\/movemobility.ca\/#organization\",\"name\":\"MoveMobility\",\"url\":\"https:\/\/movemobility.ca\/\",\"logo\":{\"@type\":\"ImageObject\",\"inLanguage\":\"fr-CA\",\"@id\":\"https:\/\/movemobility.ca\/#\/schema\/logo\/image\/\",\"url\":\"https:\/\/www.movemobility.ca\/wp-content\/uploads\/2021\/06\/MM_logo_Stacked-LG.png\",\"contentUrl\":\"https:\/\/www.movemobility.ca\/wp-content\/uploads\/2021\/06\/MM_logo_Stacked-LG.png\",\"width\":444,\"height\":114,\"caption\":\"MoveMobility\"},\"image\":{\"@id\":\"https:\/\/movemobility.ca\/#\/schema\/logo\/image\/\"},\"sameAs\":[\"https:\/\/www.facebook.com\/mobilitymove\/\",\"https:\/\/x.com\/mobility_move\",\"https:\/\/www.linkedin.com\/company\/3961770\/\",\"https:\/\/www.youtube.com\/channel\/UCiW-UIxjD6wjjX-7KS4z22g\/\"]},{\"@type\":\"Person\",\"@id\":\"https:\/\/movemobility.ca\/#\/schema\/person\/fab9b940db01f05743651c9ac7787031\",\"name\":\"Jorge Gonzalez\",\"image\":{\"@type\":\"ImageObject\",\"inLanguage\":\"fr-CA\",\"@id\":\"https:\/\/movemobility.ca\/#\/schema\/person\/image\/\",\"url\":\"https:\/\/www.movemobility.ca\/wp-content\/wphb-cache\/gravatar\/d41\/d417d63617fc5f40f3fbed8c1a5b76b9x96.jpg\",\"contentUrl\":\"https:\/\/www.movemobility.ca\/wp-content\/wphb-cache\/gravatar\/d41\/d417d63617fc5f40f3fbed8c1a5b76b9x96.jpg\",\"caption\":\"Jorge Gonzalez\"}}]}<\/script>\n<!-- \/ Yoast SEO plugin. -->","yoast_head_json":{"title":"(Vid\u00e9o) La r\u00e9ponse accessible au d\u00e9fi du transport en commun \u00e0 Caledon","description":"Solutions de transport communautaire pour la libert\u00e9 et l'inclusion, d\u00e9couvrez comment Caledon a lutt\u00e9 contre l'isolement gr\u00e2ce \u00e0 une mobilit\u00e9 intelligente et accessible.","robots":{"index":"index","follow":"follow","max-snippet":"max-snippet:-1","max-image-preview":"max-image-preview:large","max-video-preview":"max-video-preview:-1"},"canonical":"https:\/\/movemobility.ca\/resources\/caledon-community-transport-success\/","og_locale":"fr_CA","og_type":"article","og_title":"(Video) The Accessible Answer to Caledon\u2019s Transit Challenge","og_description":"Community transport solutions for freedom and inclusion, discover how Caledon tackled isolation with smart, accessible mobility.","og_url":"https:\/\/movemobility.ca\/resources\/caledon-community-transport-success\/","og_site_name":"MoveMobility","article_publisher":"https:\/\/www.facebook.com\/mobilitymove\/","article_published_time":"2025-07-25T19:43:43+00:00","article_modified_time":"2025-07-29T17:45:08+00:00","og_image":[{"width":1400,"height":940,"url":"https:\/\/movemobility.ca\/wp-content\/uploads\/2025\/07\/Caledon-Web-Thumbnail.jpg","type":"image\/jpeg"}],"author":"Jorge Gonzalez","twitter_card":"summary_large_image","twitter_creator":"@mobility_move","twitter_site":"@mobility_move","twitter_misc":{"\u00c9crit par":"Jorge Gonzalez","Estimation du temps de lecture":"2 minutes"},"schema":{"@context":"https:\/\/schema.org","@graph":[{"@type":"Article","@id":"https:\/\/movemobility.ca\/resources\/caledon-community-transport-success\/#article","isPartOf":{"@id":"https:\/\/movemobility.ca\/resources\/caledon-community-transport-success\/"},"author":{"name":"Jorge Gonzalez","@id":"https:\/\/movemobility.ca\/#\/schema\/person\/fab9b940db01f05743651c9ac7787031"},"headline":"(Video) The Accessible Answer to Caledon\u2019s Transit Challenge","datePublished":"2025-07-25T19:43:43+00:00","dateModified":"2025-07-29T17:45:08+00:00","mainEntityOfPage":{"@id":"https:\/\/movemobility.ca\/resources\/caledon-community-transport-success\/"},"wordCount":288,"publisher":{"@id":"https:\/\/movemobility.ca\/#organization"},"image":{"@id":"https:\/\/movemobility.ca\/resources\/caledon-community-transport-success\/#primaryimage"},"thumbnailUrl":"https:\/\/www.movemobility.ca\/wp-content\/uploads\/2025\/07\/Caledon-Web-Thumbnail.jpg","articleSection":["Other"],"inLanguage":"fr-CA"},{"@type":"WebPage","@id":"https:\/\/movemobility.ca\/resources\/caledon-community-transport-success\/","url":"https:\/\/movemobility.ca\/resources\/caledon-community-transport-success\/","name":"(Vid\u00e9o) La r\u00e9ponse accessible au d\u00e9fi du transport en commun \u00e0 Caledon","isPartOf":{"@id":"https:\/\/movemobility.ca\/#website"},"primaryImageOfPage":{"@id":"https:\/\/movemobility.ca\/resources\/caledon-community-transport-success\/#primaryimage"},"image":{"@id":"https:\/\/movemobility.ca\/resources\/caledon-community-transport-success\/#primaryimage"},"thumbnailUrl":"https:\/\/www.movemobility.ca\/wp-content\/uploads\/2025\/07\/Caledon-Web-Thumbnail.jpg","datePublished":"2025-07-25T19:43:43+00:00","dateModified":"2025-07-29T17:45:08+00:00","description":"Solutions de transport communautaire pour la libert\u00e9 et l'inclusion, d\u00e9couvrez comment Caledon a lutt\u00e9 contre l'isolement gr\u00e2ce \u00e0 une mobilit\u00e9 intelligente et accessible.","breadcrumb":{"@id":"https:\/\/movemobility.ca\/resources\/caledon-community-transport-success\/#breadcrumb"},"inLanguage":"fr-CA","potentialAction":[{"@type":"ReadAction","target":["https:\/\/movemobility.ca\/resources\/caledon-community-transport-success\/"]}]},{"@type":"ImageObject","inLanguage":"fr-CA","@id":"https:\/\/movemobility.ca\/resources\/caledon-community-transport-success\/#primaryimage","url":"https:\/\/www.movemobility.ca\/wp-content\/uploads\/2025\/07\/Caledon-Web-Thumbnail.jpg","contentUrl":"https:\/\/www.movemobility.ca\/wp-content\/uploads\/2025\/07\/Caledon-Web-Thumbnail.jpg","width":1400,"height":940,"caption":"Accessible Transportation for Communities"},{"@type":"BreadcrumbList","@id":"https:\/\/movemobility.ca\/resources\/caledon-community-transport-success\/#breadcrumb","itemListElement":[{"@type":"ListItem","position":1,"name":"Wheelchair Accessible Vans &amp; Medical Vehicles","item":"https:\/\/www.movemobility.ca\/"},{"@type":"ListItem","position":2,"name":"(Video) The Accessible Answer to Caledon\u2019s Transit Challenge"}]},{"@type":"WebSite","@id":"https:\/\/movemobility.ca\/#website","url":"https:\/\/movemobility.ca\/","name":"MoveMobility","description":"Fourgons et v\u00e9hicules m\u00e9dicaux accessibles aux fauteuils roulants","publisher":{"@id":"https:\/\/movemobility.ca\/#organization"},"potentialAction":[{"@type":"SearchAction","target":{"@type":"EntryPoint","urlTemplate":"https:\/\/movemobility.ca\/?s={search_term_string}"},"query-input":{"@type":"PropertyValueSpecification","valueRequired":true,"valueName":"search_term_string"}}],"inLanguage":"fr-CA"},{"@type":"Organization","@id":"https:\/\/movemobility.ca\/#organization","name":"MoveMobility","url":"https:\/\/movemobility.ca\/","logo":{"@type":"ImageObject","inLanguage":"fr-CA","@id":"https:\/\/movemobility.ca\/#\/schema\/logo\/image\/","url":"https:\/\/www.movemobility.ca\/wp-content\/uploads\/2021\/06\/MM_logo_Stacked-LG.png","contentUrl":"https:\/\/www.movemobility.ca\/wp-content\/uploads\/2021\/06\/MM_logo_Stacked-LG.png","width":444,"height":114,"caption":"MoveMobility"},"image":{"@id":"https:\/\/movemobility.ca\/#\/schema\/logo\/image\/"},"sameAs":["https:\/\/www.facebook.com\/mobilitymove\/","https:\/\/x.com\/mobility_move","https:\/\/www.linkedin.com\/company\/3961770\/","https:\/\/www.youtube.com\/channel\/UCiW-UIxjD6wjjX-7KS4z22g\/"]},{"@type":"Person","@id":"https:\/\/movemobility.ca\/#\/schema\/person\/fab9b940db01f05743651c9ac7787031","name":"Jorge Gonzalez","image":{"@type":"ImageObject","inLanguage":"fr-CA","@id":"https:\/\/movemobility.ca\/#\/schema\/person\/image\/","url":"https:\/\/www.movemobility.ca\/wp-content\/wphb-cache\/gravatar\/d41\/d417d63617fc5f40f3fbed8c1a5b76b9x96.jpg","contentUrl":"https:\/\/www.movemobility.ca\/wp-content\/wphb-cache\/gravatar\/d41\/d417d63617fc5f40f3fbed8c1a5b76b9x96.jpg","caption":"Jorge Gonzalez"}}]}},"_links":{"self":[{"href":"https:\/\/www.movemobility.ca\/fr\/wp-json\/wp\/v2\/posts\/274832","targetHints":{"allow":["GET"]}}],"collection":[{"href":"https:\/\/www.movemobility.ca\/fr\/wp-json\/wp\/v2\/posts"}],"about":[{"href":"https:\/\/www.movemobility.ca\/fr\/wp-json\/wp\/v2\/types\/post"}],"author":[{"embeddable":true,"href":"https:\/\/www.movemobility.ca\/fr\/wp-json\/wp\/v2\/users\/26"}],"replies":[{"embeddable":true,"href":"https:\/\/www.movemobility.ca\/fr\/wp-json\/wp\/v2\/comments?post=274832"}],"version-history":[{"count":0,"href":"https:\/\/www.movemobility.ca\/fr\/wp-json\/wp\/v2\/posts\/274832\/revisions"}],"wp:featuredmedia":[{"embeddable":true,"href":"https:\/\/www.movemobility.ca\/fr\/wp-json\/wp\/v2\/media\/274833"}],"wp:attachment":[{"href":"https:\/\/www.movemobility.ca\/fr\/wp-json\/wp\/v2\/media?parent=274832"}],"wp:term":[{"taxonomy":"category","embeddable":true,"href":"https:\/\/www.movemobility.ca\/fr\/wp-json\/wp\/v2\/categories?post=274832"},{"taxonomy":"post_tag","embeddable":true,"href":"https:\/\/www.movemobility.ca\/fr\/wp-json\/wp\/v2\/tags?post=274832"},{"taxonomy":"type-of-project","embeddable":true,"href":"https:\/\/www.movemobility.ca\/fr\/wp-json\/wp\/v2\/type-of-project?post=274832"},{"taxonomy":"product-family","embeddable":true,"href":"https:\/\/www.movemobility.ca\/fr\/wp-json\/wp\/v2\/product-family?post=274832"},{"taxonomy":"the-big-5","embeddable":true,"href":"https:\/\/www.movemobility.ca\/fr\/wp-json\/wp\/v2\/the-big-5?post=274832"},{"taxonomy":"section","embeddable":true,"href":"https:\/\/www.movemobility.ca\/fr\/wp-json\/wp\/v2\/section?post=274832"},{"taxonomy":"resource","embeddable":true,"href":"https:\/\/www.movemobility.ca\/fr\/wp-json\/wp\/v2\/resource?post=274832"}],"curies":[{"name":"wp","href":"https:\/\/api.w.org\/{rel}","templated":true}]}}