{"id":267687,"date":"2025-06-06T11:02:06","date_gmt":"2025-06-06T16:02:06","guid":{"rendered":"https:\/\/www.movemobility.ca\/?p=267687"},"modified":"2025-06-13T14:42:36","modified_gmt":"2025-06-13T19:42:36","slug":"programme-canadas-care-forward","status":"publish","type":"post","link":"https:\/\/www.movemobility.ca\/fr\/resources\/canadas-care-forward-program\/","title":{"rendered":"Programme canadien de soins de sant\u00e9 : Aper\u00e7u des possibilit\u00e9s de financement au Canada"},"content":{"rendered":"<p><span style=\"font-weight: 400;\">Si vous cherchez \u00e0 am\u00e9liorer l'acc\u00e8s aux soins dans votre communaut\u00e9,<\/span><a href=\"https:\/\/www.healthcareexcellence.ca\/en\/care-forward\/expanding-access-to-care-and-easing-pressure-on-emergency-departments\/\"> <span style=\"font-weight: 400;\">Le programme canadien Care Forward<\/span><\/a><span style=\"font-weight: 400;\"> pourrait vous donner le coup de pouce dont vous avez besoin. Si vous faites partie d'une \u00e9quipe de soins de sant\u00e9, d'une organisation communautaire ou d'un groupe desservant des populations \u00e9loign\u00e9es ou mal desservies, ce programme national offre un soutien r\u00e9el pour vous aider \u00e0 donner vie \u00e0 vos id\u00e9es.<\/span><\/p>\n<p><span style=\"font-weight: 400;\">Voici un bref aper\u00e7u de ce qu'il faut savoir.<\/span><\/p>\n<div style=\"text-align: center; margin: 40px 0;\">\n<div style=\"margin: 60px 0; padding: 20px;\"><a style=\"display: inline-flex; justify-content: center; align-items: center; background-color: #8cc63e; color: #ffffff; font-family: 'Roboto', sans-serif; font-size: 20px; font-weight: bold; text-decoration: none; padding: 14px 30px; border-radius: 5px; line-height: 0; height: 40px; transition: background-color 0.2s ease, text-decoration 0.2s ease;\" href=\"https:\/\/www.healthcareexcellence.ca\/en\/care-forward\/expanding-access-to-care-and-easing-pressure-on-emergency-departments\/\" target=\"_blank\" rel=\"noopener\"><br \/>\nEn savoir plus sur le programme canadien Care Forward<br \/>\n<\/a><\/div>\n<\/div>\n<h2>Qu'est-ce que la possibilit\u00e9 de financement du programme Soins en avant du Canada ?<\/h2>\n<p><a href=\"https:\/\/www.healthcareexcellence.ca\/en\/care-forward\/\"><span style=\"font-weight: 400;\">Les soins en avant<\/span><\/a><span style=\"font-weight: 400;\"> est un programme national de <\/span><i><span style=\"font-weight: 400;\">Excellence en mati\u00e8re de soins de sant\u00e9 au Canada<\/span><\/i><span style=\"font-weight: 400;\">. Il est con\u00e7u pour aider les \u00e9quipes soignantes \u00e0 am\u00e9liorer consid\u00e9rablement les services de sant\u00e9 locaux. Il s'agit notamment d'am\u00e9liorer l'acc\u00e8s aux soins, de faciliter la vie des patients et de soutenir les prestataires de soins.<\/span><\/p>\n<p><b>En bref, il s'agit d'un financement destin\u00e9 \u00e0 vous aider \u00e0 rendre les soins plus accessibles et plus efficaces.<\/b><\/p>\n<p>&nbsp;<\/p>\n<p><span style=\"font-weight: 400;\">Faits marquants :<\/span><\/p>\n<ul>\n<li style=\"font-weight: 400;\" aria-level=\"1\"><span style=\"font-weight: 400;\">Permet de r\u00e9duire la pression sur les services d'urgence et d'\u00e9viter les d\u00e9placements inutiles pour obtenir des soins.<\/span><\/li>\n<li style=\"font-weight: 400;\" aria-level=\"1\"><span style=\"font-weight: 400;\">Soutient les projets de soins qui impliquent un travail d'\u00e9quipe, en particulier dans les environnements primaires et communautaires.<\/span><\/li>\n<li style=\"font-weight: 400;\" aria-level=\"1\"><span style=\"font-weight: 400;\">Elle encourage les id\u00e9es telles que les soins virtuels, les services mobiles ou les ambulanciers qui mettent les gens en contact avec l'aide locale.<\/span><\/li>\n<li style=\"font-weight: 400;\" aria-level=\"1\"><span style=\"font-weight: 400;\">Offre un financement, un accompagnement et un apprentissage par les pairs, et pas seulement de l'argent.<\/span><\/li>\n<\/ul>\n<p><span style=\"font-weight: 400;\">\u00a0<\/span><\/p>\n<h2>Qui peut b\u00e9n\u00e9ficier du programme canadien Care Forward ?<\/h2>\n<p><span style=\"font-weight: 400;\">Ce programme est ouvert \u00e0 de nombreux types d'\u00e9quipes sanitaires et communautaires, notamment<\/span><\/p>\n<ul>\n<li style=\"font-weight: 400;\" aria-level=\"1\"><span style=\"font-weight: 400;\">Cliniques de soins primaires<\/span><\/li>\n<li style=\"font-weight: 400;\" aria-level=\"1\"><span style=\"font-weight: 400;\">H\u00f4pitaux<\/span><\/li>\n<li style=\"font-weight: 400;\" aria-level=\"1\"><span style=\"font-weight: 400;\">Centres de sant\u00e9 communautaires<\/span><\/li>\n<li style=\"font-weight: 400;\" aria-level=\"1\"><span style=\"font-weight: 400;\">Services param\u00e9dicaux<\/span><\/li>\n<li style=\"font-weight: 400;\" aria-level=\"1\"><span style=\"font-weight: 400;\">Programmes de soins \u00e0 domicile<\/span><\/li>\n<li style=\"font-weight: 400;\" aria-level=\"1\"><span style=\"font-weight: 400;\">Organismes \u00e0 but non lucratif dans le domaine de la sant\u00e9 ou des services sociaux<\/span><\/li>\n<li style=\"font-weight: 400;\" aria-level=\"1\"><span style=\"font-weight: 400;\">Organisations dirig\u00e9es par les Premi\u00e8res nations, les Inuits et les M\u00e9tis<\/span><\/li>\n<\/ul>\n<p>&nbsp;<\/p>\n<p><span style=\"font-weight: 400;\">Si votre \u00e9quipe s'efforce d'apporter de meilleurs soins \u00e0 un plus grand nombre de personnes, en particulier celles qui sont confront\u00e9es \u00e0 des obstacles, vous \u00eates probablement \u00e9ligible.<\/span><\/p>\n<p>&nbsp;<\/p>\n<h2>Qui peut demander \u00e0 b\u00e9n\u00e9ficier du programme canadien Care Forward ?<\/h2>\n<p><span style=\"font-weight: 400;\">Les candidatures doivent \u00eatre soumises par une \u00e9quipe ou une organisation, et non par des individus.<\/span><\/p>\n<p>&nbsp;<\/p>\n<p><span style=\"font-weight: 400;\">Pour postuler, vous devez<\/span><\/p>\n<ul>\n<li style=\"font-weight: 400;\" aria-level=\"1\"><span style=\"font-weight: 400;\">\u00catre bas\u00e9 au Canada<\/span><\/li>\n<li style=\"font-weight: 400;\" aria-level=\"1\"><span style=\"font-weight: 400;\">Offrir des services qui soutiennent la sant\u00e9 communautaire<\/span><\/li>\n<li style=\"font-weight: 400;\" aria-level=\"1\"><span style=\"font-weight: 400;\">\u00catre pr\u00eat \u00e0 lancer ou \u00e0 d\u00e9velopper une id\u00e9e qui am\u00e9liore l'acc\u00e8s aux soins ou les r\u00e9sultats.<\/span><\/li>\n<\/ul>\n<p>&nbsp;<\/p>\n<p><b>Bonus :<\/b><span style=\"font-weight: 400;\"> Si vous g\u00e9rez d\u00e9j\u00e0 une clinique mobile, il se peut que vous soyez un bon candidat. Les projets qui r\u00e9duisent les d\u00e9placements, atteignent les communaut\u00e9s \u00e9loign\u00e9es ou soulagent les urgences correspondent parfaitement \u00e0 ce que Care Forward souhaite soutenir.<\/span><\/p>\n<p>&nbsp;<\/p>\n<h2>Quelles sont les conditions du programme canadien Care Forward ?<\/h2>\n<p><span style=\"font-weight: 400;\">Chaque volet du programme a ses propres conditions, mais voici les plus courantes :<\/span><\/p>\n<ul>\n<li style=\"font-weight: 400;\" aria-level=\"1\"><span style=\"font-weight: 400;\">Vous devez suivre vos progr\u00e8s et partager ce que vous apprenez.<\/span><\/li>\n<li style=\"font-weight: 400;\" aria-level=\"1\"><span style=\"font-weight: 400;\">Vous devrez participer \u00e0 des sessions d'apprentissage virtuelles avec d'autres \u00e9quipes financ\u00e9es.<\/span><\/li>\n<li style=\"font-weight: 400;\" aria-level=\"1\"><span style=\"font-weight: 400;\">Les fonds doivent \u00eatre utilis\u00e9s pour tester ou d\u00e9velopper une id\u00e9e, et non pour assurer le fonctionnement de l'entreprise.<\/span><\/li>\n<li style=\"font-weight: 400;\" aria-level=\"1\"><span style=\"font-weight: 400;\">Vous devez vous efforcer d'impliquer les patients, les familles ou les membres de la communaut\u00e9 dans la planification ou la prestation des soins.<\/span><\/li>\n<\/ul>\n<p>&nbsp;<\/p>\n<p><span style=\"font-weight: 400;\">Le financement varie en fonction du flux :<\/span><\/p>\n<p>&nbsp;<\/p>\n<table>\n<tbody>\n<tr>\n<td><b>Volet du programme<\/b><\/td>\n<td><b>Montant du financement<\/b><\/td>\n<\/tr>\n<tr>\n<td><strong><a href=\"https:\/\/www.healthcareexcellence.ca\/en\/care-forward\/expanding-access-to-care-and-easing-pressure-on-emergency-departments\/right-care-challenge\/\">D\u00e9fi \"Right Care<\/a><\/strong><\/td>\n<td><span style=\"font-weight: 400;\">Jusqu'\u00e0 $34,250<\/span><\/td>\n<\/tr>\n<tr>\n<td><strong><a href=\"https:\/\/www.healthcareexcellence.ca\/en\/care-forward\/expanding-access-to-care-and-easing-pressure-on-emergency-departments\/enhancing-integrated-care\/\">Am\u00e9liorer les soins int\u00e9gr\u00e9s<\/a><\/strong><\/td>\n<td><span style=\"font-weight: 400;\">Jusqu'\u00e0 $10 000 (semences)<\/span><\/td>\n<\/tr>\n<tr>\n<td><strong><a href=\"https:\/\/www.healthcareexcellence.ca\/en\/care-forward\/expanding-access-to-care-and-easing-pressure-on-emergency-departments\/paramedics-and-social-prescribing\/\">Param\u00e9dicaux et prescription sociale<\/a><\/strong><\/td>\n<td><span style=\"font-weight: 400;\">Jusqu'\u00e0 $30 000 (semences)<\/span><\/td>\n<\/tr>\n<tr>\n<td><strong><a href=\"https:\/\/www.healthcareexcellence.ca\/en\/care-forward\/expanding-access-to-care-and-easing-pressure-on-emergency-departments\/primary-care-access-improvement\/\">Am\u00e9lioration de l'acc\u00e8s aux soins primaires<\/a><\/strong><\/td>\n<td><span style=\"font-weight: 400;\">Jusqu'\u00e0 $15 000 (semences)<\/span><\/td>\n<\/tr>\n<\/tbody>\n<\/table>\n<p><span style=\"font-weight: 400;\">\u00a0<\/span><\/p>\n<h2>Dates limites \u00e0 conna\u00eetre<\/h2>\n<p><span style=\"font-weight: 400;\">Voici les dates de cl\u00f4ture actuelles pour 2025 :<\/span><\/p>\n<ul>\n<li style=\"font-weight: 400;\" aria-level=\"1\"><b>Le 19 juin :<\/b><span style=\"font-weight: 400;\"> Am\u00e9liorer les soins int\u00e9gr\u00e9s (mod\u00e8les bas\u00e9s sur l'\u00e9quipe, y compris virtuels et mobiles)<\/span><\/li>\n<li style=\"font-weight: 400;\" aria-level=\"1\"><b>Le 27 juin :<\/b><span style=\"font-weight: 400;\"> Param\u00e9dicaux et prescription sociale + acc\u00e8s aux soins primaires<\/span><\/li>\n<li style=\"font-weight: 400;\" aria-level=\"1\"><b>Le 1er octobre :<\/b><span style=\"font-weight: 400;\"> Utilisation des antipsychotiques dans les \u00e9tablissements de soins de longue dur\u00e9e<\/span><\/li>\n<li style=\"font-weight: 400;\" aria-level=\"1\"><b>31 octobre :<\/b><span style=\"font-weight: 400;\"> D\u00e9fi \"Right Care<\/span><\/li>\n<\/ul>\n<p>&nbsp;<\/p>\n<p><span style=\"font-weight: 400;\">Veillez \u00e0 d\u00e9poser votre candidature \u00e0 temps. Ces dates sont importantes !<\/span><\/p>\n<p>&nbsp;<\/p>\n<h2>Vous avez des questions sur le programme Care Forward du Canada ?<\/h2>\n<p><span style=\"font-weight: 400;\">Si vous avez une solution intelligente pour aider les gens \u00e0 obtenir des soins au moment et \u00e0 l'endroit o\u00f9 ils en ont besoin, le programme Soins en avant du Canada pourrait \u00eatre l'occasion de donner vie \u00e0 cette id\u00e9e. Il ne s'agit pas de grands syst\u00e8mes ou de changements lents, mais d'action, d'acc\u00e8s et d'impact sur la communaut\u00e9.<\/span><\/p>\n<p><b>Vous avez des questions sur les options m\u00e9dicales mobiles ?<\/b><b><br \/>\n<\/b><span style=\"font-weight: 400;\">Cliquez sur le bouton ci-dessous pour parler \u00e0 l'un de nos experts en mobilit\u00e9. Nous sommes l\u00e0 pour vous aider \u00e0 trouver la solution de v\u00e9hicule adapt\u00e9e \u00e0 votre programme.<\/span><\/p>\n<p><b><i>Note<\/i><\/b><i><span style=\"font-weight: 400;\">: MoveMobility ne fournit pas ce financement et ne peut pas aider \u00e0 l'\u00e9laboration des demandes. Ces informations sont partag\u00e9es afin de sensibiliser et d'encourager le soutien \u00e0 des opportunit\u00e9s de financement ou de subvention qui pourraient aider votre programme.<\/span><\/i><\/p>\n<div style=\"text-align: center; margin: 40px 0;\"><\/div>\n<div style=\"text-align: center; margin: 40px 0;\">\n<div style=\"margin: 60px 0; padding: 20px;\"><a style=\"display: inline-flex; justify-content: center; align-items: center; background-color: #58585a; color: #ffffff; font-family: 'Roboto', sans-serif; font-size: 20px; font-weight: bold; text-decoration: none; padding: 14px 30px; border-radius: 5px; line-height: 0; height: 40px; transition: background-color 0.2s ease, text-decoration 0.2s ease;\" href=\"#request-info-form\" target=\"_blank\" rel=\"noopener\"><br \/>\nParler \u00e0 un expert en mobilit\u00e9<br \/>\n<\/a><\/div>\n<\/div>","protected":false},"excerpt":{"rendered":"<p>If you&#8217;re looking to improve access to care in your community, Canada\u2019s Care Forward program could give you the boost you need. If you are part of a healthcare team, community organization, or a group serving remote or underserved populations, this national program provides real support to help you bring your ideas to life. Here\u2019s [&hellip;]<\/p>\n","protected":false},"author":17,"featured_media":125636,"comment_status":"closed","ping_status":"closed","sticky":false,"template":"","format":"standard","meta":{"content-type":"","footnotes":""},"categories":[2681],"tags":[2419,3015],"type-of-project":[2946],"product-family":[2942],"the-big-5":[3042],"section":[2944],"resource":[2926],"class_list":["post-267687","post","type-post","status-publish","format-standard","has-post-thumbnail","hentry","category-funding-opportunities","tag-funding","tag-funding-opportunity","type-of-project-mobile-health-and-outreach-services","product-family-medical-van","the-big-5-funding-opportunities","section-know-more","resource-article"],"yoast_head":"<!-- This site is optimized with the Yoast SEO plugin v27.1.1 - https:\/\/yoast.com\/product\/yoast-seo-wordpress\/ -->\n<title>Canada&#039;s Care Forward Program: Canada Funding Opportunity at a Glance<\/title>\n<meta name=\"description\" content=\"Wondering how to fund your mobile medical or wellness vehicle? Canada\u2019s Care Forward Program might be the answer you\u2019ve been looking for.\" \/>\n<meta name=\"robots\" content=\"index, follow, max-snippet:-1, max-image-preview:large, max-video-preview:-1\" \/>\n<link rel=\"canonical\" href=\"https:\/\/movemobility.ca\/resources\/canadas-care-forward-program\/\" \/>\n<meta property=\"og:locale\" content=\"fr_CA\" \/>\n<meta property=\"og:type\" content=\"article\" \/>\n<meta property=\"og:title\" content=\"Canada&#039;s Care Forward Program: Canada Funding Opportunity at a Glance\" \/>\n<meta property=\"og:description\" content=\"Wondering how to fund your mobile medical or wellness vehicle? Canada\u2019s Care Forward Program might be the answer you\u2019ve been looking for.\" \/>\n<meta property=\"og:url\" content=\"https:\/\/movemobility.ca\/resources\/canadas-care-forward-program\/\" \/>\n<meta property=\"og:site_name\" content=\"MoveMobility\" \/>\n<meta property=\"article:publisher\" content=\"https:\/\/www.facebook.com\/mobilitymove\/\" \/>\n<meta property=\"article:published_time\" content=\"2025-06-06T16:02:06+00:00\" \/>\n<meta property=\"article:modified_time\" content=\"2025-06-13T19:42:36+00:00\" \/>\n<meta property=\"og:image\" content=\"https:\/\/movemobility.ca\/wp-content\/uploads\/2021\/07\/wheelchair-van-funding.jpg\" \/>\n\t<meta property=\"og:image:width\" content=\"640\" \/>\n\t<meta property=\"og:image:height\" content=\"427\" \/>\n\t<meta property=\"og:image:type\" content=\"image\/jpeg\" \/>\n<meta name=\"author\" content=\"Quinn Springett\" \/>\n<meta name=\"twitter:card\" content=\"summary_large_image\" \/>\n<meta name=\"twitter:creator\" content=\"@mobility_move\" \/>\n<meta name=\"twitter:site\" content=\"@mobility_move\" \/>\n<meta name=\"twitter:label1\" content=\"\u00c9crit par\" \/>\n\t<meta name=\"twitter:data1\" content=\"Quinn Springett\" \/>\n\t<meta name=\"twitter:label2\" content=\"Estimation du temps de lecture\" \/>\n\t<meta name=\"twitter:data2\" content=\"3 minutes\" \/>\n<script type=\"application\/ld+json\" class=\"yoast-schema-graph\">{\"@context\":\"https:\/\/schema.org\",\"@graph\":[{\"@type\":\"Article\",\"@id\":\"https:\/\/movemobility.ca\/resources\/canadas-care-forward-program\/#article\",\"isPartOf\":{\"@id\":\"https:\/\/movemobility.ca\/resources\/canadas-care-forward-program\/\"},\"author\":{\"name\":\"Quinn Springett\",\"@id\":\"https:\/\/movemobility.ca\/#\/schema\/person\/b112a07b7817e5defdc30faa0d9c6a49\"},\"headline\":\"Canada&#8217;s Care Forward Program: Canada Funding Opportunity at a Glance\",\"datePublished\":\"2025-06-06T16:02:06+00:00\",\"dateModified\":\"2025-06-13T19:42:36+00:00\",\"mainEntityOfPage\":{\"@id\":\"https:\/\/movemobility.ca\/resources\/canadas-care-forward-program\/\"},\"wordCount\":650,\"publisher\":{\"@id\":\"https:\/\/movemobility.ca\/#organization\"},\"image\":{\"@id\":\"https:\/\/movemobility.ca\/resources\/canadas-care-forward-program\/#primaryimage\"},\"thumbnailUrl\":\"https:\/\/www.movemobility.ca\/wp-content\/uploads\/2021\/07\/wheelchair-van-funding.jpg\",\"keywords\":[\"funding\",\"funding opportunity\"],\"articleSection\":[\"Funding Opportunities\"],\"inLanguage\":\"fr-CA\"},{\"@type\":\"WebPage\",\"@id\":\"https:\/\/movemobility.ca\/resources\/canadas-care-forward-program\/\",\"url\":\"https:\/\/movemobility.ca\/resources\/canadas-care-forward-program\/\",\"name\":\"Canada's Care Forward Program: Canada Funding Opportunity at a Glance\",\"isPartOf\":{\"@id\":\"https:\/\/movemobility.ca\/#website\"},\"primaryImageOfPage\":{\"@id\":\"https:\/\/movemobility.ca\/resources\/canadas-care-forward-program\/#primaryimage\"},\"image\":{\"@id\":\"https:\/\/movemobility.ca\/resources\/canadas-care-forward-program\/#primaryimage\"},\"thumbnailUrl\":\"https:\/\/www.movemobility.ca\/wp-content\/uploads\/2021\/07\/wheelchair-van-funding.jpg\",\"datePublished\":\"2025-06-06T16:02:06+00:00\",\"dateModified\":\"2025-06-13T19:42:36+00:00\",\"description\":\"Wondering how to fund your mobile medical or wellness vehicle? Canada\u2019s Care Forward Program might be the answer you\u2019ve been looking for.\",\"breadcrumb\":{\"@id\":\"https:\/\/movemobility.ca\/resources\/canadas-care-forward-program\/#breadcrumb\"},\"inLanguage\":\"fr-CA\",\"potentialAction\":[{\"@type\":\"ReadAction\",\"target\":[\"https:\/\/movemobility.ca\/resources\/canadas-care-forward-program\/\"]}]},{\"@type\":\"ImageObject\",\"inLanguage\":\"fr-CA\",\"@id\":\"https:\/\/movemobility.ca\/resources\/canadas-care-forward-program\/#primaryimage\",\"url\":\"https:\/\/www.movemobility.ca\/wp-content\/uploads\/2021\/07\/wheelchair-van-funding.jpg\",\"contentUrl\":\"https:\/\/www.movemobility.ca\/wp-content\/uploads\/2021\/07\/wheelchair-van-funding.jpg\",\"width\":640,\"height\":427,\"caption\":\"Funding opportunity\"},{\"@type\":\"BreadcrumbList\",\"@id\":\"https:\/\/movemobility.ca\/resources\/canadas-care-forward-program\/#breadcrumb\",\"itemListElement\":[{\"@type\":\"ListItem\",\"position\":1,\"name\":\"Wheelchair Accessible Vans &amp; Medical Vehicles\",\"item\":\"https:\/\/www.movemobility.ca\/\"},{\"@type\":\"ListItem\",\"position\":2,\"name\":\"Canada&#8217;s Care Forward Program: Canada Funding Opportunity at a Glance\"}]},{\"@type\":\"WebSite\",\"@id\":\"https:\/\/movemobility.ca\/#website\",\"url\":\"https:\/\/movemobility.ca\/\",\"name\":\"MoveMobility\",\"description\":\"Wheelchair Accessible Vans &amp; Medical Vehicles\",\"publisher\":{\"@id\":\"https:\/\/movemobility.ca\/#organization\"},\"potentialAction\":[{\"@type\":\"SearchAction\",\"target\":{\"@type\":\"EntryPoint\",\"urlTemplate\":\"https:\/\/movemobility.ca\/?s={search_term_string}\"},\"query-input\":{\"@type\":\"PropertyValueSpecification\",\"valueRequired\":true,\"valueName\":\"search_term_string\"}}],\"inLanguage\":\"fr-CA\"},{\"@type\":\"Organization\",\"@id\":\"https:\/\/movemobility.ca\/#organization\",\"name\":\"MoveMobility\",\"url\":\"https:\/\/movemobility.ca\/\",\"logo\":{\"@type\":\"ImageObject\",\"inLanguage\":\"fr-CA\",\"@id\":\"https:\/\/movemobility.ca\/#\/schema\/logo\/image\/\",\"url\":\"https:\/\/www.movemobility.ca\/wp-content\/uploads\/2021\/06\/MM_logo_Stacked-LG.png\",\"contentUrl\":\"https:\/\/www.movemobility.ca\/wp-content\/uploads\/2021\/06\/MM_logo_Stacked-LG.png\",\"width\":444,\"height\":114,\"caption\":\"MoveMobility\"},\"image\":{\"@id\":\"https:\/\/movemobility.ca\/#\/schema\/logo\/image\/\"},\"sameAs\":[\"https:\/\/www.facebook.com\/mobilitymove\/\",\"https:\/\/x.com\/mobility_move\",\"https:\/\/www.linkedin.com\/company\/3961770\/\",\"https:\/\/www.youtube.com\/channel\/UCiW-UIxjD6wjjX-7KS4z22g\/\"]},{\"@type\":\"Person\",\"@id\":\"https:\/\/movemobility.ca\/#\/schema\/person\/b112a07b7817e5defdc30faa0d9c6a49\",\"name\":\"Quinn Springett\",\"image\":{\"@type\":\"ImageObject\",\"inLanguage\":\"fr-CA\",\"@id\":\"https:\/\/movemobility.ca\/#\/schema\/person\/image\/\",\"url\":\"https:\/\/www.movemobility.ca\/wp-content\/wphb-cache\/gravatar\/965\/965413787c312966d9102a4b2aa60781x96.jpg\",\"contentUrl\":\"https:\/\/www.movemobility.ca\/wp-content\/wphb-cache\/gravatar\/965\/965413787c312966d9102a4b2aa60781x96.jpg\",\"caption\":\"Quinn Springett\"},\"sameAs\":[\"http:\/\/www.movemobility.ca\"]}]}<\/script>\n<!-- \/ Yoast SEO plugin. -->","yoast_head_json":{"title":"Programme canadien de soins de sant\u00e9 : Aper\u00e7u des possibilit\u00e9s de financement au Canada","description":"Vous vous demandez comment financer votre v\u00e9hicule m\u00e9dical ou de bien-\u00eatre mobile ? Le programme canadien Care Forward est peut-\u00eatre la r\u00e9ponse que vous cherchez.","robots":{"index":"index","follow":"follow","max-snippet":"max-snippet:-1","max-image-preview":"max-image-preview:large","max-video-preview":"max-video-preview:-1"},"canonical":"https:\/\/movemobility.ca\/resources\/canadas-care-forward-program\/","og_locale":"fr_CA","og_type":"article","og_title":"Canada's Care Forward Program: Canada Funding Opportunity at a Glance","og_description":"Wondering how to fund your mobile medical or wellness vehicle? Canada\u2019s Care Forward Program might be the answer you\u2019ve been looking for.","og_url":"https:\/\/movemobility.ca\/resources\/canadas-care-forward-program\/","og_site_name":"MoveMobility","article_publisher":"https:\/\/www.facebook.com\/mobilitymove\/","article_published_time":"2025-06-06T16:02:06+00:00","article_modified_time":"2025-06-13T19:42:36+00:00","og_image":[{"width":640,"height":427,"url":"https:\/\/movemobility.ca\/wp-content\/uploads\/2021\/07\/wheelchair-van-funding.jpg","type":"image\/jpeg"}],"author":"Quinn Springett","twitter_card":"summary_large_image","twitter_creator":"@mobility_move","twitter_site":"@mobility_move","twitter_misc":{"\u00c9crit par":"Quinn Springett","Estimation du temps de lecture":"3 minutes"},"schema":{"@context":"https:\/\/schema.org","@graph":[{"@type":"Article","@id":"https:\/\/movemobility.ca\/resources\/canadas-care-forward-program\/#article","isPartOf":{"@id":"https:\/\/movemobility.ca\/resources\/canadas-care-forward-program\/"},"author":{"name":"Quinn Springett","@id":"https:\/\/movemobility.ca\/#\/schema\/person\/b112a07b7817e5defdc30faa0d9c6a49"},"headline":"Canada&#8217;s Care Forward Program: Canada Funding Opportunity at a Glance","datePublished":"2025-06-06T16:02:06+00:00","dateModified":"2025-06-13T19:42:36+00:00","mainEntityOfPage":{"@id":"https:\/\/movemobility.ca\/resources\/canadas-care-forward-program\/"},"wordCount":650,"publisher":{"@id":"https:\/\/movemobility.ca\/#organization"},"image":{"@id":"https:\/\/movemobility.ca\/resources\/canadas-care-forward-program\/#primaryimage"},"thumbnailUrl":"https:\/\/www.movemobility.ca\/wp-content\/uploads\/2021\/07\/wheelchair-van-funding.jpg","keywords":["funding","funding opportunity"],"articleSection":["Funding Opportunities"],"inLanguage":"fr-CA"},{"@type":"WebPage","@id":"https:\/\/movemobility.ca\/resources\/canadas-care-forward-program\/","url":"https:\/\/movemobility.ca\/resources\/canadas-care-forward-program\/","name":"Programme canadien de soins de sant\u00e9 : Aper\u00e7u des possibilit\u00e9s de financement au Canada","isPartOf":{"@id":"https:\/\/movemobility.ca\/#website"},"primaryImageOfPage":{"@id":"https:\/\/movemobility.ca\/resources\/canadas-care-forward-program\/#primaryimage"},"image":{"@id":"https:\/\/movemobility.ca\/resources\/canadas-care-forward-program\/#primaryimage"},"thumbnailUrl":"https:\/\/www.movemobility.ca\/wp-content\/uploads\/2021\/07\/wheelchair-van-funding.jpg","datePublished":"2025-06-06T16:02:06+00:00","dateModified":"2025-06-13T19:42:36+00:00","description":"Vous vous demandez comment financer votre v\u00e9hicule m\u00e9dical ou de bien-\u00eatre mobile ? Le programme canadien Care Forward est peut-\u00eatre la r\u00e9ponse que vous cherchez.","breadcrumb":{"@id":"https:\/\/movemobility.ca\/resources\/canadas-care-forward-program\/#breadcrumb"},"inLanguage":"fr-CA","potentialAction":[{"@type":"ReadAction","target":["https:\/\/movemobility.ca\/resources\/canadas-care-forward-program\/"]}]},{"@type":"ImageObject","inLanguage":"fr-CA","@id":"https:\/\/movemobility.ca\/resources\/canadas-care-forward-program\/#primaryimage","url":"https:\/\/www.movemobility.ca\/wp-content\/uploads\/2021\/07\/wheelchair-van-funding.jpg","contentUrl":"https:\/\/www.movemobility.ca\/wp-content\/uploads\/2021\/07\/wheelchair-van-funding.jpg","width":640,"height":427,"caption":"Funding opportunity"},{"@type":"BreadcrumbList","@id":"https:\/\/movemobility.ca\/resources\/canadas-care-forward-program\/#breadcrumb","itemListElement":[{"@type":"ListItem","position":1,"name":"Wheelchair Accessible Vans &amp; Medical Vehicles","item":"https:\/\/www.movemobility.ca\/"},{"@type":"ListItem","position":2,"name":"Canada&#8217;s Care Forward Program: Canada Funding Opportunity at a Glance"}]},{"@type":"WebSite","@id":"https:\/\/movemobility.ca\/#website","url":"https:\/\/movemobility.ca\/","name":"MoveMobility","description":"Fourgons et v\u00e9hicules m\u00e9dicaux accessibles aux fauteuils roulants","publisher":{"@id":"https:\/\/movemobility.ca\/#organization"},"potentialAction":[{"@type":"SearchAction","target":{"@type":"EntryPoint","urlTemplate":"https:\/\/movemobility.ca\/?s={search_term_string}"},"query-input":{"@type":"PropertyValueSpecification","valueRequired":true,"valueName":"search_term_string"}}],"inLanguage":"fr-CA"},{"@type":"Organization","@id":"https:\/\/movemobility.ca\/#organization","name":"MoveMobility","url":"https:\/\/movemobility.ca\/","logo":{"@type":"ImageObject","inLanguage":"fr-CA","@id":"https:\/\/movemobility.ca\/#\/schema\/logo\/image\/","url":"https:\/\/www.movemobility.ca\/wp-content\/uploads\/2021\/06\/MM_logo_Stacked-LG.png","contentUrl":"https:\/\/www.movemobility.ca\/wp-content\/uploads\/2021\/06\/MM_logo_Stacked-LG.png","width":444,"height":114,"caption":"MoveMobility"},"image":{"@id":"https:\/\/movemobility.ca\/#\/schema\/logo\/image\/"},"sameAs":["https:\/\/www.facebook.com\/mobilitymove\/","https:\/\/x.com\/mobility_move","https:\/\/www.linkedin.com\/company\/3961770\/","https:\/\/www.youtube.com\/channel\/UCiW-UIxjD6wjjX-7KS4z22g\/"]},{"@type":"Person","@id":"https:\/\/movemobility.ca\/#\/schema\/person\/b112a07b7817e5defdc30faa0d9c6a49","name":"Quinn Springett","image":{"@type":"ImageObject","inLanguage":"fr-CA","@id":"https:\/\/movemobility.ca\/#\/schema\/person\/image\/","url":"https:\/\/www.movemobility.ca\/wp-content\/wphb-cache\/gravatar\/965\/965413787c312966d9102a4b2aa60781x96.jpg","contentUrl":"https:\/\/www.movemobility.ca\/wp-content\/wphb-cache\/gravatar\/965\/965413787c312966d9102a4b2aa60781x96.jpg","caption":"Quinn Springett"},"sameAs":["http:\/\/www.movemobility.ca"]}]}},"_links":{"self":[{"href":"https:\/\/www.movemobility.ca\/fr\/wp-json\/wp\/v2\/posts\/267687","targetHints":{"allow":["GET"]}}],"collection":[{"href":"https:\/\/www.movemobility.ca\/fr\/wp-json\/wp\/v2\/posts"}],"about":[{"href":"https:\/\/www.movemobility.ca\/fr\/wp-json\/wp\/v2\/types\/post"}],"author":[{"embeddable":true,"href":"https:\/\/www.movemobility.ca\/fr\/wp-json\/wp\/v2\/users\/17"}],"replies":[{"embeddable":true,"href":"https:\/\/www.movemobility.ca\/fr\/wp-json\/wp\/v2\/comments?post=267687"}],"version-history":[{"count":0,"href":"https:\/\/www.movemobility.ca\/fr\/wp-json\/wp\/v2\/posts\/267687\/revisions"}],"wp:featuredmedia":[{"embeddable":true,"href":"https:\/\/www.movemobility.ca\/fr\/wp-json\/wp\/v2\/media\/125636"}],"wp:attachment":[{"href":"https:\/\/www.movemobility.ca\/fr\/wp-json\/wp\/v2\/media?parent=267687"}],"wp:term":[{"taxonomy":"category","embeddable":true,"href":"https:\/\/www.movemobility.ca\/fr\/wp-json\/wp\/v2\/categories?post=267687"},{"taxonomy":"post_tag","embeddable":true,"href":"https:\/\/www.movemobility.ca\/fr\/wp-json\/wp\/v2\/tags?post=267687"},{"taxonomy":"type-of-project","embeddable":true,"href":"https:\/\/www.movemobility.ca\/fr\/wp-json\/wp\/v2\/type-of-project?post=267687"},{"taxonomy":"product-family","embeddable":true,"href":"https:\/\/www.movemobility.ca\/fr\/wp-json\/wp\/v2\/product-family?post=267687"},{"taxonomy":"the-big-5","embeddable":true,"href":"https:\/\/www.movemobility.ca\/fr\/wp-json\/wp\/v2\/the-big-5?post=267687"},{"taxonomy":"section","embeddable":true,"href":"https:\/\/www.movemobility.ca\/fr\/wp-json\/wp\/v2\/section?post=267687"},{"taxonomy":"resource","embeddable":true,"href":"https:\/\/www.movemobility.ca\/fr\/wp-json\/wp\/v2\/resource?post=267687"}],"curies":[{"name":"wp","href":"https:\/\/api.w.org\/{rel}","templated":true}]}}