{"id":255611,"date":"2025-05-05T07:00:28","date_gmt":"2025-05-05T12:00:28","guid":{"rendered":"https:\/\/www.movemobility.ca\/?p=255611"},"modified":"2025-03-28T15:42:01","modified_gmt":"2025-03-28T20:42:01","slug":"inclusion-in-communities-with-accessible-vans","status":"publish","type":"post","link":"https:\/\/www.movemobility.ca\/fr\/resources\/inclusion-in-communities-with-accessible-vans\/","title":{"rendered":"5 fa\u00e7ons dont les fourgonnettes accessibles peuvent promouvoir l'inclusion dans les communaut\u00e9s mal desservies"},"content":{"rendered":"<p><span style=\"font-weight: 400;\">Have your organization ever felt stuck, wondering how to help people in your community get better healthcare or transportation? For many underserved communities across Canada, transportation and healthcare are tough to access. Without the right tools, it\u2019s hard to break down the barriers that keep people from living full and healthy lives. You want to help, but maybe you\u2019re unsure where to start or how to make the biggest impact.<\/span><\/p>\n<p><span style=\"font-weight: 400;\">The truth is, if this problem isn\u2019t solved, people in your community may face isolation, missed opportunities, and declining health. But what if you could change that? Imagine your organization providing real solutions\u2014helping people stay connected, get to work, and access medical care. It\u2019s possible with the right tools, like <\/span><a href=\"https:\/\/www.movemobility.ca\/fr\/ressources\/how-to-make-a-van-wheelchair-accessible\/\" target=\"_blank\" rel=\"noopener\"><span style=\"font-weight: 400;\">v\u00e9hicules accessibles aux fauteuils roulants<\/span><\/a><span style=\"font-weight: 400;\"> ou <\/span><a href=\"https:\/\/www.movemobility.ca\/fr\/ressources\/types-of-mobile-medical-vans\/\" target=\"_blank\" rel=\"noopener\"><span style=\"font-weight: 400;\">v\u00e9hicules m\u00e9dicaux mobiles<\/span><\/a><span style=\"font-weight: 400;\">.<\/span><\/p>\n<div style=\"text-align: center; margin: 40px 0;\">\n<div style=\"margin: 60px 0; padding: 20px;\"><a style=\"display: inline-flex; justify-content: center; align-items: center; background-color: #8cc63e; color: #ffffff; font-family: 'Roboto', sans-serif; font-size: 20px; font-weight: bold; text-decoration: none; padding: 14px 30px; border-radius: 5px; line-height: 0; height: 40px; transition: background-color 0.2s ease, text-decoration 0.2s ease;\" href=\"https:\/\/www.movemobility.ca\/fr\/wheelchair-van-buyers-guide\/?hsCtaTracking=52cf15c5-c91d-4e3e-b41a-18d7690431af%7C6a36290b-97e1-4e0b-99da-8d9854d8c663#download-guide-form\"><br \/>\nGet your free wheelchair van buyer&#8217;s guide!<br \/>\n<\/a><\/div>\n<\/div>\n<p><span style=\"font-weight: 400;\">Au <\/span><a href=\"http:\/\/www.movemobility.ca\/fr\/\" target=\"_blank\" rel=\"noopener\"><span style=\"font-weight: 400;\">MoveMobility<\/span><\/a><span style=\"font-weight: 400;\">, we\u2019ve been helping organizations like\u00a0 yours and<\/span><span style=\"font-weight: 400;\">\u00a0<\/span><a href=\"https:\/\/kiminoayawin.com\/\" target=\"_blank\" rel=\"noopener\"><span style=\"font-weight: 400;\">Keewatinohk Inniniw Minoayawin<\/span><\/a><span style=\"font-weight: 400;\"> for over 20 years<\/span><b>.<\/b><span style=\"font-weight: 400;\"> We design vehicles that <\/span><a href=\"https:\/\/www.movemobility.ca\/fr\/ressources\/breaking-barriers-to-healthcare-with-mobile-medical-vans\/\" target=\"_blank\" rel=\"noopener\"><span style=\"font-weight: 400;\">supprimer les obstacles<\/span><\/a><span style=\"font-weight: 400;\"> to transportation and healthcare, helping you serve your community better. We\u2019re here to share what we\u2019ve learned\u2014not just to sell but to guide you.<\/span><\/p>\n<p>In this article, you\u2019ll learn five ways accessible vans can promote inclusion<span style=\"font-weight: 400;\"> and make a difference in underserved communities. Let\u2019s explore how you can create a real impact.<\/span><\/p>\n<p>&nbsp;<\/p>\n<h2>How can accessible vans promote inclusion?<\/h2>\n<p><span style=\"font-weight: 400;\">Accessible vans can promote inclusion in several ways. Keep reading to learn how!<\/span><\/p>\n<p>&nbsp;<\/p>\n<h3>1. Meeting people where they are<\/h3>\n<p><b>Think about this:<\/b><span style=\"font-weight: 400;\"> What happens when someone can\u2019t get to a doctor\u2019s office or clinic? For many people in underserved communities, this is their reality. They live far from healthcare services, or they face challenges that make even short trips impossible. This leaves them feeling stuck and excluded, unable to get the care they need.<\/span><\/p>\n<p><span style=\"font-weight: 400;\">Accessible vans change that by bringing healthcare and transportation directly to them. <\/span><\/p>\n<p>&nbsp;<\/p>\n<p><span style=\"font-weight: 400;\">Voici comment :<\/span><\/p>\n<p><b>Fourgonnettes m\u00e9dicales mobiles<\/b><span style=\"font-weight: 400;\">: These vans act like travelling medical clinics. They visit remote or low-income communities, offering care like:<\/span><\/p>\n<ul>\n<li style=\"font-weight: 400;\" aria-level=\"1\"><span style=\"font-weight: 400;\">Checkups and <\/span><a href=\"https:\/\/www.movemobility.ca\/fr\/ressources\/clinique-mobile-de-vaccination\/\" target=\"_blank\" rel=\"noopener\"><span style=\"font-weight: 400;\">les vaccinations<\/span><\/a><\/li>\n<li style=\"font-weight: 400;\" aria-level=\"1\"><a href=\"https:\/\/www.movemobility.ca\/fr\/ressources\/fonds-dequite-en-matiere-de-sante-autochtone\/\" target=\"_blank\" rel=\"noopener\"><span style=\"font-weight: 400;\">Soutien \u00e0 la sant\u00e9 mentale<\/span><\/a><\/li>\n<li style=\"font-weight: 400;\" aria-level=\"1\"><span style=\"font-weight: 400;\">Specialized services, like\u00a0<\/span><\/li>\n<\/ul>\n<p>&nbsp;<\/p>\n<p><img fetchpriority=\"high\" decoding=\"async\" class=\"size-full wp-image-145002\" src=\"https:\/\/www.movemobility.ca\/wp-content\/uploads\/2023\/07\/IMG_1638.jpg\" alt=\"Fourgonnette de clinique m\u00e9dicale mobile\" width=\"640\" height=\"427\" srcset=\"https:\/\/www.movemobility.ca\/wp-content\/uploads\/2023\/07\/IMG_1638.jpg 640w, https:\/\/www.movemobility.ca\/wp-content\/uploads\/2023\/07\/IMG_1638-400x267.jpg 400w\" sizes=\"(max-width: 640px) 100vw, 640px\" \/><\/p>\n<div style=\"text-align: center; margin: 40px 0;\">\n<div style=\"margin: 60px 0; padding: 20px;\"><a style=\"display: inline-flex; justify-content: center; align-items: center; background-color: #8cc63e; color: #ffffff; font-family: 'Roboto', sans-serif; font-size: 20px; font-weight: bold; text-decoration: none; padding: 14px 30px; border-radius: 5px; line-height: 0; height: 40px; transition: background-color 0.2s ease, text-decoration 0.2s ease;\" href=\"https:\/\/www.movemobility.ca\/fr\/mobile-medical-van-buyers-guide\/?hsCtaTracking=e6fee05a-f7d4-496b-966d-f4b8e0e9ed75%7C0c46a06a-2f5a-467d-8bd2-e75709824eb9\"><br \/>\nDownload your mobile medical van buyer&#8217;s guide<br \/>\n<\/a><\/div>\n<\/div>\n<p><b>Fourgonnettes accessibles aux fauteuils roulants<\/b><span style=\"font-weight: 400;\">: These vehicles help people who use wheelchairs or have mobility challenges:<\/span><\/p>\n<ul>\n<li style=\"font-weight: 400;\" aria-level=\"1\"><span style=\"font-weight: 400;\">Get to local clinics or hospitals<\/span><\/li>\n<li style=\"font-weight: 400;\" aria-level=\"1\"><span style=\"font-weight: 400;\">Attend community events or social activities<\/span><\/li>\n<li style=\"font-weight: 400;\" aria-level=\"1\"><span style=\"font-weight: 400;\">Stay connected to jobs and opportunities<\/span><\/li>\n<\/ul>\n<p>&nbsp;<\/p>\n<p><img decoding=\"async\" class=\"wp-image-129670 size-full lazyload\" data-src=\"https:\/\/www.movemobility.ca\/wp-content\/uploads\/2023\/03\/T6-Accessible-Van-26.jpg\" alt=\"Fourgon Ford Transit T6 accessible aux fauteuils roulants, \u00e0 entr\u00e9e lat\u00e9rale, photographi\u00e9 devant un champ en \u00e9t\u00e9.\" width=\"640\" height=\"427\" data-srcset=\"https:\/\/www.movemobility.ca\/wp-content\/uploads\/2023\/03\/T6-Accessible-Van-26.jpg 640w, https:\/\/www.movemobility.ca\/wp-content\/uploads\/2023\/03\/T6-Accessible-Van-26-400x267.jpg 400w\" data-sizes=\"auto\" src=\"data:image\/svg+xml;base64,PHN2ZyB3aWR0aD0iMSIgaGVpZ2h0PSIxIiB4bWxucz0iaHR0cDovL3d3dy53My5vcmcvMjAwMC9zdmciPjwvc3ZnPg==\" style=\"--smush-placeholder-width: 640px; --smush-placeholder-aspect-ratio: 640\/427;\" data-original-sizes=\"(max-width: 640px) 100vw, 640px\" \/><\/p>\n<p>&nbsp;<\/p>\n<p><span style=\"font-weight: 400;\">Accessible vans remove the biggest barriers\u2014distance and mobility. They allow people to feel included, cared for, and supported, no matter where they live. Communities grow stronger when everyone has access to transportation and healthcare. These vans help close the gap so no one is left behind.<\/span><\/p>\n<p>&nbsp;<\/p>\n<h3>2. Opening doors to independence and dignity<\/h3>\n<p><b>What does it feel like to depend on others for even the simplest tasks? <\/b><span style=\"font-weight: 400;\">People with mobility challenges in underserved communities face far more than just an occasional frustration; it\u2019s a constant struggle. Limited transportation and healthcare options force many to rely on family, friends, or community programs, leaving them with little sense of independence.<\/span><\/p>\n<p><a href=\"https:\/\/www.movemobility.ca\/fr\/ressources\/full-size-wheelchair-vans-everything-to-know\/\" target=\"_blank\" rel=\"noopener\"><span style=\"font-weight: 400;\">Wheelchair accessible vehicles<\/span><\/a><span style=\"font-weight: 400;\"> and mobile medical vehicles change the game. They allow individuals to take control of their lives and meet their needs on their own terms. <\/span><\/p>\n<p>&nbsp;<\/p>\n<p><span style=\"font-weight: 400;\">Here\u2019s how they promote independence and dignity:<\/span><\/p>\n<p><b>Personal freedom<\/b><span style=\"font-weight: 400;\">: Wheelchair accessible vans help people:<\/span><\/p>\n<ul>\n<li style=\"font-weight: 400;\" aria-level=\"1\"><span style=\"font-weight: 400;\">Travel to social gatherings, church, or community events without needing to ask for a ride<\/span><\/li>\n<li style=\"font-weight: 400;\" aria-level=\"1\"><span style=\"font-weight: 400;\">Handle daily errands like grocery shopping or pharmacy trips independently<\/span><\/li>\n<\/ul>\n<p>&nbsp;<\/p>\n<p><b>Access to routine care<\/b><span style=\"font-weight: 400;\">: Mobile medical vehicles empower patients to:<\/span><\/p>\n<ul>\n<li style=\"font-weight: 400;\" aria-level=\"1\"><span style=\"font-weight: 400;\">Schedule care that fits their life, not someone else\u2019s schedule<\/span><\/li>\n<li style=\"font-weight: 400;\" aria-level=\"1\"><span style=\"font-weight: 400;\">Build relationships with healthcare providers who come to their community<\/span><\/li>\n<\/ul>\n<p>&nbsp;<\/p>\n<p><span style=\"font-weight: 400;\">Feeling included means more than just being physically present\u2014it\u2019s about having the freedom to choose how you live. Accessible vans give individuals a sense of dignity and control. They\u2019re no longer stuck waiting for help; they can go where they need to, when they need to, on their own terms.<\/span><\/p>\n<p>&nbsp;<\/p>\n<h3>3. Accessible vans can strengthen community connections<\/h3>\n<p><b>Have you ever felt left out because you couldn\u2019t get to where the entertainment was?<\/b><span style=\"font-weight: 400;\"> People without reliable transportation experience that feeling all the time. They miss family events, community programs, or social gatherings\u2014not because they don\u2019t want to go, but because they can\u2019t. Over time, this creates a deep sense of isolation.<\/span><\/p>\n<p><span style=\"font-weight: 400;\">Accessible vans help break that isolation and bring people back into the community. <\/span><\/p>\n<p>&nbsp;<\/p>\n<p><span style=\"font-weight: 400;\">Voici comment :<\/span><\/p>\n<p><b>Connecting people to others<\/b><span style=\"font-weight: 400;\">:<\/span><\/p>\n<ul>\n<li style=\"font-weight: 400;\" aria-level=\"1\"><span style=\"font-weight: 400;\">Wheelchair accessible vans allow people to attend social events, family dinners, or even a friend\u2019s birthday party. Being part of these moments makes people feel included and valued.<\/span><\/li>\n<li style=\"font-weight: 400;\" aria-level=\"1\"><span style=\"font-weight: 400;\">Community groups use these vans to take members to activities, like classes or support groups, where friendships can grow.<\/span><\/li>\n<\/ul>\n<p>&nbsp;<\/p>\n<figure id=\"attachment_212588\" aria-describedby=\"caption-attachment-212588\" style=\"width: 640px\" class=\"wp-caption alignnone\"><img decoding=\"async\" class=\"size-full wp-image-212588 lazyload\" data-src=\"https:\/\/www.movemobility.ca\/wp-content\/uploads\/2024\/09\/P4-3-in-1-Van.jpg\" alt=\"Homme en fauteuil roulant assis dans une camionnette \u00e0 acc\u00e8s lat\u00e9ral de MoveMobility\" width=\"640\" height=\"427\" data-srcset=\"https:\/\/www.movemobility.ca\/wp-content\/uploads\/2024\/09\/P4-3-in-1-Van.jpg 640w, https:\/\/www.movemobility.ca\/wp-content\/uploads\/2024\/09\/P4-3-in-1-Van-400x267.jpg 400w\" data-sizes=\"auto\" src=\"data:image\/svg+xml;base64,PHN2ZyB3aWR0aD0iMSIgaGVpZ2h0PSIxIiB4bWxucz0iaHR0cDovL3d3dy53My5vcmcvMjAwMC9zdmciPjwvc3ZnPg==\" style=\"--smush-placeholder-width: 640px; --smush-placeholder-aspect-ratio: 640\/427;\" data-original-sizes=\"(max-width: 640px) 100vw, 640px\" \/><figcaption id=\"caption-attachment-212588\" class=\"wp-caption-text\">Le plancher non sur\u00e9lev\u00e9 permet aux utilisateurs de fauteuils roulants de b\u00e9n\u00e9ficier d'une bonne visibilit\u00e9.<\/figcaption><\/figure>\n<p>&nbsp;<\/p>\n<p><b>Creating shared spaces<\/b><span style=\"font-weight: 400;\">:<\/span><\/p>\n<ul>\n<li style=\"font-weight: 400;\" aria-level=\"1\"><span style=\"font-weight: 400;\">Mobile medical vans often act as more than a clinic\u2014they become somewhat of a meeting place. People gather to access care, learn about resources, or simply chat with neighbors while waiting.<\/span><\/li>\n<li style=\"font-weight: 400;\" aria-level=\"1\"><span style=\"font-weight: 400;\">Local programs partner with these vans to bring services to communities, helping everyone feel connected and cared for.<\/span><\/li>\n<\/ul>\n<p>&nbsp;<\/p>\n<p><b>Pourquoi cela est-il important ?<\/b><span style=\"font-weight: 400;\"> When people feel part of a community, their mental health improves, and they feel more hopeful. Accessible vans help make those connections possible, creating stronger, happier communities.<\/span><\/p>\n<p>&nbsp;<\/p>\n<h3>4. Supporting economic opportunities<\/h3>\n<p><b>Have you ever thought about how hard it is to get a job if you can\u2019t get there?<\/b><span style=\"font-weight: 400;\"> Many individuals in underserved communities face significant challenges due to a lack of reliable transportation. This barrier makes it difficult to attend work, job interviews, or training programs. That makes it harder to earn money and improve their lives.<\/span><\/p>\n<p><span style=\"font-weight: 400;\">Accessible vans make a big difference by opening doors to new opportunities. <\/span><\/p>\n<p>&nbsp;<\/p>\n<p><span style=\"font-weight: 400;\">Voici comment :<\/span><\/p>\n<p><b>Getting to work<\/b><span style=\"font-weight: 400;\">:<\/span><\/p>\n<ul>\n<li style=\"font-weight: 400;\" aria-level=\"1\"><span style=\"font-weight: 400;\">Wheelchair accessible vans help people with mobility challenges make it to jobs they couldn\u2019t reach before. They can work regularly and feel more independent.<\/span><\/li>\n<li style=\"font-weight: 400;\" aria-level=\"1\"><span style=\"font-weight: 400;\">Employers can also use these vans to support workers who need accessible transportation, making their workplaces more inclusive.<\/span><\/li>\n<\/ul>\n<p>&nbsp;<\/p>\n<p><b>Learning new skills<\/b><span style=\"font-weight: 400;\">:<\/span><\/p>\n<ul>\n<li style=\"font-weight: 400;\" aria-level=\"1\"><span style=\"font-weight: 400;\">Accessible vans let people attend school, job training programs, or even career fairs. These chances are often out of reach when transportation is a problem.<\/span><\/li>\n<li style=\"font-weight: 400;\" aria-level=\"1\"><span style=\"font-weight: 400;\">Mobile medical vans sometimes provide health education, teaching people how to stay healthy and ready for work.<\/span><\/li>\n<\/ul>\n<p>&nbsp;<\/p>\n<p><b>Pourquoi cela est-il important ?<\/b><span style=\"font-weight: 400;\"> When people have a way to get to work or training, they can build better futures for themselves and their families. Communities grow stronger when everyone has the chance to succeed.<\/span><\/p>\n<p>&nbsp;<\/p>\n<h3>5. Helping in emergencies and disasters<\/h3>\n<p>&nbsp;<\/p>\n<figure id=\"attachment_98937\" aria-describedby=\"caption-attachment-98937\" style=\"width: 640px\" class=\"wp-caption alignnone\"><img decoding=\"async\" class=\"size-full wp-image-98937 lazyload\" data-src=\"https:\/\/www.movemobility.ca\/wp-content\/uploads\/2022\/05\/Non-Emergency-Mobile-Medical-Van-37.jpg\" alt=\"vue ext\u00e9rieure d&#039;une camionnette m\u00e9dicale mobile de non-urgence avec un brancard et un si\u00e8ge \u00e0 l&#039;int\u00e9rieur\" width=\"640\" height=\"427\" src=\"data:image\/svg+xml;base64,PHN2ZyB3aWR0aD0iMSIgaGVpZ2h0PSIxIiB4bWxucz0iaHR0cDovL3d3dy53My5vcmcvMjAwMC9zdmciPjwvc3ZnPg==\" style=\"--smush-placeholder-width: 640px; --smush-placeholder-aspect-ratio: 640\/427;\" \/><figcaption id=\"caption-attachment-98937\" class=\"wp-caption-text\">Brevet en cours<\/figcaption><\/figure>\n<p>&nbsp;<\/p>\n<p><b>Have you ever thought about how hard it is to evacuate or get help during an emergency if you can\u2019t move easily? <\/b><span style=\"font-weight: 400;\">People with mobility challenges can find disasters like floods, wildfires, or snowstorms particularly scary and downright dangerous. Without the right transportation, they may struggle to evacuate or seek the necessary care. Accessible vans and mobile medical vehicles help keep everyone safe during emergencies. <\/span><\/p>\n<p>&nbsp;<\/p>\n<p><span style=\"font-weight: 400;\">Here\u2019s how they make a big difference:<\/span><\/p>\n<p><b>Getting people to safety<\/b><span style=\"font-weight: 400;\">:<\/span><\/p>\n<ul>\n<li style=\"font-weight: 400;\" aria-level=\"1\"><span style=\"font-weight: 400;\">Wheelchair accessible vans make it easier for people with mobility challenges to evacuate quickly when disaster strikes.<\/span><\/li>\n<li style=\"font-weight: 400;\" aria-level=\"1\"><span style=\"font-weight: 400;\">Families and communities can use these vans to help everyone get to a safe place, fast.<\/span><\/li>\n<\/ul>\n<p>&nbsp;<\/p>\n<p><b>Bringing care to those in need<\/b><span style=\"font-weight: 400;\">:<\/span><\/p>\n<ul>\n<li style=\"font-weight: 400;\" aria-level=\"1\"><span style=\"font-weight: 400;\">Mobile medical vehicles can travel to areas hit by disasters, offering medical care to people who can\u2019t get to a hospital.<\/span><\/li>\n<li style=\"font-weight: 400;\" aria-level=\"1\"><span style=\"font-weight: 400;\">These vehicles provide things like first aid, medicine, and other urgent help when it\u2019s needed most.<\/span><\/li>\n<\/ul>\n<p>&nbsp;<\/p>\n<p><b>Pourquoi cela est-il important ?<\/b><span style=\"font-weight: 400;\"> Emergencies are stressful for everyone, but they\u2019re even harder for those with limited mobility. Accessible vans make sure no one is left behind, giving people the support they need to stay safe and recover.<\/span><\/p>\n<p>&nbsp;<\/p>\n<h2>Ready to become more inclusive with accessible vans?<\/h2>\n<p>&nbsp;<\/p>\n<figure id=\"attachment_194977\" aria-describedby=\"caption-attachment-194977\" style=\"width: 640px\" class=\"wp-caption alignnone\"><img decoding=\"async\" class=\"size-full wp-image-194977 lazyload\" data-src=\"https:\/\/www.movemobility.ca\/wp-content\/uploads\/2024\/06\/P4-3-in-1-Van-Interior.jpg\" alt=\"Une personne sur un brancard, une personne en fauteuil roulant et une personne sur un si\u00e8ge dans une camionnette de transfert de patients accessible de MoveMobility.\" width=\"640\" height=\"427\" data-srcset=\"https:\/\/www.movemobility.ca\/wp-content\/uploads\/2024\/06\/P4-3-in-1-Van-Interior.jpg 640w, https:\/\/www.movemobility.ca\/wp-content\/uploads\/2024\/06\/P4-3-in-1-Van-Interior-400x267.jpg 400w\" data-sizes=\"auto\" src=\"data:image\/svg+xml;base64,PHN2ZyB3aWR0aD0iMSIgaGVpZ2h0PSIxIiB4bWxucz0iaHR0cDovL3d3dy53My5vcmcvMjAwMC9zdmciPjwvc3ZnPg==\" style=\"--smush-placeholder-width: 640px; --smush-placeholder-aspect-ratio: 640\/427;\" data-original-sizes=\"(max-width: 640px) 100vw, 640px\" \/><figcaption id=\"caption-attachment-194977\" class=\"wp-caption-text\">2 si\u00e8ges, 1 fauteuil roulant, 1 civi\u00e8re<\/figcaption><\/figure>\n<p>&nbsp;<\/p>\n<p><span style=\"font-weight: 400;\">You likely came to this article because you want to make your community or organization more inclusive. Maybe you\u2019ve been:<\/span><\/p>\n<ul>\n<li style=\"font-weight: 400;\" aria-level=\"1\"><span style=\"font-weight: 400;\">Searching for ways to break down barriers to transportation and healthcare<\/span><\/li>\n<li style=\"font-weight: 400;\" aria-level=\"1\"><span style=\"font-weight: 400;\">Trying to provide better services for people in need<\/span><\/li>\n<li style=\"font-weight: 400;\" aria-level=\"1\"><span style=\"font-weight: 400;\">Looking for solutions to create opportunities for those often left behind<\/span><\/li>\n<\/ul>\n<p>&nbsp;<\/p>\n<p><span style=\"font-weight: 400;\">These are everyday challenges and gaps that need solutions to change lives.<\/span><\/p>\n<p><span style=\"font-weight: 400;\">After reading this, you\u2019ve learned how wheelchair accessible vehicles and mobile medical vans can help. These vehicles can:<\/span><\/p>\n<ul>\n<li style=\"font-weight: 400;\" aria-level=\"1\"><span style=\"font-weight: 400;\">Bring care and transportation directly to people who need it<\/span><\/li>\n<li style=\"font-weight: 400;\" aria-level=\"1\"><span style=\"font-weight: 400;\">Support independence and dignity for individuals with mobility challenges<\/span><\/li>\n<li style=\"font-weight: 400;\" aria-level=\"1\"><span style=\"font-weight: 400;\">Strengthen community connections and provide access to opportunities<\/span><\/li>\n<\/ul>\n<p>&nbsp;<\/p>\n<p><span style=\"font-weight: 400;\">Au <\/span><a href=\"http:\/\/www.movemobility.ca\/fr\/\" target=\"_blank\" rel=\"noopener\"><span style=\"font-weight: 400;\">MoveMobility<\/span><\/a><span style=\"font-weight: 400;\">, we know every community and organization is different, and we take the time to understand your unique challenges. Our vehicles are built to open doors to inclusion, connection, and opportunity. What sets us apart is our commitment to helping you create a brighter, more accessible future for everyone you serve.<\/span><\/p>\n<p><span style=\"font-weight: 400;\">If you\u2019d like to learn how we can help your organization, click the button below to talk to a mobility expert. We\u2019re here to answer your questions and guide you every step of the way.<\/span><\/p>\n<p><span style=\"font-weight: 400;\">If you\u2019re not ready to reach out just yet, check out our other resources to learn more about promoting inclusivity with wheelchair accessible and mobile medical vehicles!<\/span><\/p>\n<p><span style=\"font-weight: 400;\">Start by watching the video below on how you can customize your mobile clinic.<\/span><\/p>\n<p>&nbsp;<\/p>\n<p><div class=\"lazyload smush-lazyload-video smush-lazyload-vimeo\" style=\"--smush-video-aspect-ratio: 800\/450\" data-bg-image=\"url(https:\/\/i.vimeocdn.com\/video\/1942571609-a4c754b302dce2e1a83b121dbea06273cfbc114f4d4882cb852d7ddfb63a435a-d_960?region=us)\" ><iframe title=\"Equipement en MC\" data-src=\"https:\/\/player.vimeo.com\/video\/1023425970?h=57ef844d8d&amp;dnt=1&amp;app_id=122963\" width=\"800\" height=\"450\" frameborder=\"0\" allow=\"autoplay; fullscreen; picture-in-picture; clipboard-write; encrypted-media\" src=\"data:image\/svg+xml;base64,PHN2ZyB3aWR0aD0iMSIgaGVpZ2h0PSIxIiB4bWxucz0iaHR0cDovL3d3dy53My5vcmcvMjAwMC9zdmciPjwvc3ZnPg==\"><\/iframe><span class=\"smush-play-btn\" role=\"button\" aria-label=\"Play video\">\r\n\t\t\t\t<span tabindex=\"0\" class=\"smush-play-btn-inner\">\r\n\t\t\t\t\t<span>Play<\/span>\r\n\t\t\t\t<\/span>\r\n\t\t\t<\/span><\/div><\/p>\n<p>&nbsp;<\/p>\n<p><span style=\"font-weight: 400;\">If your organization is more focused on the wheelchair vehicle side of things, check out the 11 steps to choosing a wheelchair van video below.<\/span><\/p>\n<p>&nbsp;<\/p>\n<p><div class=\"lazyload smush-lazyload-video smush-lazyload-vimeo\" style=\"--smush-video-aspect-ratio: 800\/450\" data-bg-image=\"url(https:\/\/i.vimeocdn.com\/video\/1882446381-46fb8d35e15a5ce584aa6b6f53331a9e41b84be2d8575f5d5f8d86374fa776a5-d_960?region=us)\" ><iframe title=\"Trouvez votre fourgon id\u00e9al accessible aux fauteuils roulants en 11 \u00e9tapes faciles\" data-src=\"https:\/\/player.vimeo.com\/video\/967980838?h=13f86b1137&amp;dnt=1&amp;app_id=122963\" width=\"800\" height=\"450\" frameborder=\"0\" allow=\"autoplay; fullscreen; picture-in-picture; clipboard-write; encrypted-media\" src=\"data:image\/svg+xml;base64,PHN2ZyB3aWR0aD0iMSIgaGVpZ2h0PSIxIiB4bWxucz0iaHR0cDovL3d3dy53My5vcmcvMjAwMC9zdmciPjwvc3ZnPg==\"><\/iframe><span class=\"smush-play-btn\" role=\"button\" aria-label=\"Play video\">\r\n\t\t\t\t<span tabindex=\"0\" class=\"smush-play-btn-inner\">\r\n\t\t\t\t\t<span>Play<\/span>\r\n\t\t\t\t<\/span>\r\n\t\t\t<\/span><\/div><\/p>\n<div style=\"text-align: center; margin: 40px 0;\">\n<div style=\"margin: 60px 0; padding: 20px;\"><a style=\"display: inline-flex; justify-content: center; align-items: center; background-color: #58585a; color: #ffffff; font-family: 'Roboto', sans-serif; font-size: 20px; font-weight: bold; text-decoration: none; padding: 14px 30px; border-radius: 5px; line-height: 0; height: 40px; transition: background-color 0.2s ease, text-decoration 0.2s ease;\" href=\"#request-info-form\"><br \/>\nParler \u00e0 un expert en mobilit\u00e9<br \/>\n<\/a><\/div>\n<\/div>","protected":false},"excerpt":{"rendered":"<p>Have your organization ever felt stuck, wondering how to help people in your community get better healthcare or transportation? For many underserved communities across Canada, transportation and healthcare are tough to access. Without the right tools, it\u2019s hard to break down the barriers that keep people from living full and healthy lives. You want to [&hellip;]<\/p>\n","protected":false},"author":17,"featured_media":245673,"comment_status":"closed","ping_status":"closed","sticky":false,"template":"","format":"standard","meta":{"content-type":"","footnotes":""},"categories":[2677,2406],"tags":[1493,2800,2307,18,19,22],"type-of-project":[2947,2970,2946,2948,2945],"product-family":[2942,2943,2941],"the-big-5":[2938],"section":[2944],"resource":[2926],"class_list":["post-255611","post","type-post","status-publish","format-standard","has-post-thumbnail","hentry","category-full-size-whelechair-vans","category-mobile-medical-vans","tag-commercial-accessible-vehicle","tag-mobile-medical-unit","tag-mobile-medical-vans","tag-wheelchair-accessible-van","tag-wheelchair-accessible-vans","tag-wheelchair-vans","type-of-project-adult-daycare-and-community-living","type-of-project-first-nations-indigenous-communities","type-of-project-mobile-health-and-outreach-services","type-of-project-stretcher-patient-transfer","type-of-project-urban-handi-transit","product-family-medical-van","product-family-mini-van","product-family-wheelchair-van","the-big-5-best-in-class","section-know-more","resource-article"],"yoast_head":"<!-- This site is optimized with the Yoast SEO plugin v27.1.1 - https:\/\/yoast.com\/product\/yoast-seo-wordpress\/ -->\n<title>5 Ways Accessible Vans Can Promote Inclusion in Underserved Communities<\/title>\n<meta name=\"description\" content=\"How can accessible vans break barriers in underserved communities? Learn five ways they promote inclusion and improve lives in Canada.\" \/>\n<meta name=\"robots\" content=\"index, follow, max-snippet:-1, max-image-preview:large, max-video-preview:-1\" \/>\n<link rel=\"canonical\" href=\"https:\/\/movemobility.ca\/resources\/inclusion-in-communities-with-accessible-vans\/\" \/>\n<meta property=\"og:locale\" content=\"fr_CA\" \/>\n<meta property=\"og:type\" content=\"article\" \/>\n<meta property=\"og:title\" content=\"5 Ways Accessible Vans Can Promote Inclusion in Underserved Communities\" \/>\n<meta property=\"og:description\" content=\"How can accessible vans break barriers in underserved communities? Learn five ways they promote inclusion and improve lives in Canada.\" \/>\n<meta property=\"og:url\" content=\"https:\/\/movemobility.ca\/resources\/inclusion-in-communities-with-accessible-vans\/\" \/>\n<meta property=\"og:site_name\" content=\"MoveMobility\" \/>\n<meta property=\"article:publisher\" content=\"https:\/\/www.facebook.com\/mobilitymove\/\" \/>\n<meta property=\"article:published_time\" content=\"2025-05-05T12:00:28+00:00\" \/>\n<meta property=\"og:image\" content=\"https:\/\/movemobility.ca\/wp-content\/uploads\/2025\/02\/Saint-Thomas-Community-Health-Center-Mobile-Clinic-Van-8.jpg\" \/>\n\t<meta property=\"og:image:width\" content=\"640\" \/>\n\t<meta property=\"og:image:height\" content=\"427\" \/>\n\t<meta property=\"og:image:type\" content=\"image\/jpeg\" \/>\n<meta name=\"author\" content=\"Quinn Springett\" \/>\n<meta name=\"twitter:card\" content=\"summary_large_image\" \/>\n<meta name=\"twitter:creator\" content=\"@mobility_move\" \/>\n<meta name=\"twitter:site\" content=\"@mobility_move\" \/>\n<meta name=\"twitter:label1\" content=\"\u00c9crit par\" \/>\n\t<meta name=\"twitter:data1\" content=\"Quinn Springett\" \/>\n\t<meta name=\"twitter:label2\" content=\"Estimation du temps de lecture\" \/>\n\t<meta name=\"twitter:data2\" content=\"8 minutes\" \/>\n<script type=\"application\/ld+json\" class=\"yoast-schema-graph\">{\"@context\":\"https:\/\/schema.org\",\"@graph\":[{\"@type\":\"Article\",\"@id\":\"https:\/\/movemobility.ca\/resources\/inclusion-in-communities-with-accessible-vans\/#article\",\"isPartOf\":{\"@id\":\"https:\/\/movemobility.ca\/resources\/inclusion-in-communities-with-accessible-vans\/\"},\"author\":{\"name\":\"Quinn Springett\",\"@id\":\"https:\/\/movemobility.ca\/#\/schema\/person\/b112a07b7817e5defdc30faa0d9c6a49\"},\"headline\":\"5 Ways Accessible Vans Can Promote Inclusion in Underserved Communities\",\"datePublished\":\"2025-05-05T12:00:28+00:00\",\"mainEntityOfPage\":{\"@id\":\"https:\/\/movemobility.ca\/resources\/inclusion-in-communities-with-accessible-vans\/\"},\"wordCount\":1623,\"publisher\":{\"@id\":\"https:\/\/movemobility.ca\/#organization\"},\"image\":{\"@id\":\"https:\/\/movemobility.ca\/resources\/inclusion-in-communities-with-accessible-vans\/#primaryimage\"},\"thumbnailUrl\":\"https:\/\/www.movemobility.ca\/wp-content\/uploads\/2025\/02\/Saint-Thomas-Community-Health-Center-Mobile-Clinic-Van-8.jpg\",\"keywords\":[\"commercial accessible vehicle\",\"mobile medical unit\",\"mobile medical vans\",\"wheelchair accessible van\",\"wheelchair accessible vans\",\"wheelchair vans\"],\"articleSection\":[\"Full Size Wheelchair Vans\",\"Mobile Medical Vans\"],\"inLanguage\":\"fr-CA\"},{\"@type\":\"WebPage\",\"@id\":\"https:\/\/movemobility.ca\/resources\/inclusion-in-communities-with-accessible-vans\/\",\"url\":\"https:\/\/movemobility.ca\/resources\/inclusion-in-communities-with-accessible-vans\/\",\"name\":\"5 Ways Accessible Vans Can Promote Inclusion in Underserved Communities\",\"isPartOf\":{\"@id\":\"https:\/\/movemobility.ca\/#website\"},\"primaryImageOfPage\":{\"@id\":\"https:\/\/movemobility.ca\/resources\/inclusion-in-communities-with-accessible-vans\/#primaryimage\"},\"image\":{\"@id\":\"https:\/\/movemobility.ca\/resources\/inclusion-in-communities-with-accessible-vans\/#primaryimage\"},\"thumbnailUrl\":\"https:\/\/www.movemobility.ca\/wp-content\/uploads\/2025\/02\/Saint-Thomas-Community-Health-Center-Mobile-Clinic-Van-8.jpg\",\"datePublished\":\"2025-05-05T12:00:28+00:00\",\"description\":\"How can accessible vans break barriers in underserved communities? Learn five ways they promote inclusion and improve lives in Canada.\",\"breadcrumb\":{\"@id\":\"https:\/\/movemobility.ca\/resources\/inclusion-in-communities-with-accessible-vans\/#breadcrumb\"},\"inLanguage\":\"fr-CA\",\"potentialAction\":[{\"@type\":\"ReadAction\",\"target\":[\"https:\/\/movemobility.ca\/resources\/inclusion-in-communities-with-accessible-vans\/\"]}]},{\"@type\":\"ImageObject\",\"inLanguage\":\"fr-CA\",\"@id\":\"https:\/\/movemobility.ca\/resources\/inclusion-in-communities-with-accessible-vans\/#primaryimage\",\"url\":\"https:\/\/www.movemobility.ca\/wp-content\/uploads\/2025\/02\/Saint-Thomas-Community-Health-Center-Mobile-Clinic-Van-8.jpg\",\"contentUrl\":\"https:\/\/www.movemobility.ca\/wp-content\/uploads\/2025\/02\/Saint-Thomas-Community-Health-Center-Mobile-Clinic-Van-8.jpg\",\"width\":640,\"height\":427,\"caption\":\"Accessible vans\"},{\"@type\":\"BreadcrumbList\",\"@id\":\"https:\/\/movemobility.ca\/resources\/inclusion-in-communities-with-accessible-vans\/#breadcrumb\",\"itemListElement\":[{\"@type\":\"ListItem\",\"position\":1,\"name\":\"Wheelchair Accessible Vans &amp; Medical Vehicles\",\"item\":\"https:\/\/www.movemobility.ca\/\"},{\"@type\":\"ListItem\",\"position\":2,\"name\":\"5 Ways Accessible Vans Can Promote Inclusion in Underserved Communities\"}]},{\"@type\":\"WebSite\",\"@id\":\"https:\/\/movemobility.ca\/#website\",\"url\":\"https:\/\/movemobility.ca\/\",\"name\":\"MoveMobility\",\"description\":\"Wheelchair Accessible Vans &amp; Medical Vehicles\",\"publisher\":{\"@id\":\"https:\/\/movemobility.ca\/#organization\"},\"potentialAction\":[{\"@type\":\"SearchAction\",\"target\":{\"@type\":\"EntryPoint\",\"urlTemplate\":\"https:\/\/movemobility.ca\/?s={search_term_string}\"},\"query-input\":{\"@type\":\"PropertyValueSpecification\",\"valueRequired\":true,\"valueName\":\"search_term_string\"}}],\"inLanguage\":\"fr-CA\"},{\"@type\":\"Organization\",\"@id\":\"https:\/\/movemobility.ca\/#organization\",\"name\":\"MoveMobility\",\"url\":\"https:\/\/movemobility.ca\/\",\"logo\":{\"@type\":\"ImageObject\",\"inLanguage\":\"fr-CA\",\"@id\":\"https:\/\/movemobility.ca\/#\/schema\/logo\/image\/\",\"url\":\"https:\/\/www.movemobility.ca\/wp-content\/uploads\/2021\/06\/MM_logo_Stacked-LG.png\",\"contentUrl\":\"https:\/\/www.movemobility.ca\/wp-content\/uploads\/2021\/06\/MM_logo_Stacked-LG.png\",\"width\":444,\"height\":114,\"caption\":\"MoveMobility\"},\"image\":{\"@id\":\"https:\/\/movemobility.ca\/#\/schema\/logo\/image\/\"},\"sameAs\":[\"https:\/\/www.facebook.com\/mobilitymove\/\",\"https:\/\/x.com\/mobility_move\",\"https:\/\/www.linkedin.com\/company\/3961770\/\",\"https:\/\/www.youtube.com\/channel\/UCiW-UIxjD6wjjX-7KS4z22g\/\"]},{\"@type\":\"Person\",\"@id\":\"https:\/\/movemobility.ca\/#\/schema\/person\/b112a07b7817e5defdc30faa0d9c6a49\",\"name\":\"Quinn Springett\",\"image\":{\"@type\":\"ImageObject\",\"inLanguage\":\"fr-CA\",\"@id\":\"https:\/\/movemobility.ca\/#\/schema\/person\/image\/\",\"url\":\"https:\/\/www.movemobility.ca\/wp-content\/wphb-cache\/gravatar\/965\/965413787c312966d9102a4b2aa60781x96.jpg\",\"contentUrl\":\"https:\/\/www.movemobility.ca\/wp-content\/wphb-cache\/gravatar\/965\/965413787c312966d9102a4b2aa60781x96.jpg\",\"caption\":\"Quinn Springett\"},\"sameAs\":[\"http:\/\/www.movemobility.ca\"]}]}<\/script>\n<!-- \/ Yoast SEO plugin. -->","yoast_head_json":{"title":"5 fa\u00e7ons dont les fourgonnettes accessibles peuvent promouvoir l'inclusion dans les communaut\u00e9s mal desservies","description":"How can accessible vans break barriers in underserved communities? Learn five ways they promote inclusion and improve lives in Canada.","robots":{"index":"index","follow":"follow","max-snippet":"max-snippet:-1","max-image-preview":"max-image-preview:large","max-video-preview":"max-video-preview:-1"},"canonical":"https:\/\/movemobility.ca\/resources\/inclusion-in-communities-with-accessible-vans\/","og_locale":"fr_CA","og_type":"article","og_title":"5 Ways Accessible Vans Can Promote Inclusion in Underserved Communities","og_description":"How can accessible vans break barriers in underserved communities? Learn five ways they promote inclusion and improve lives in Canada.","og_url":"https:\/\/movemobility.ca\/resources\/inclusion-in-communities-with-accessible-vans\/","og_site_name":"MoveMobility","article_publisher":"https:\/\/www.facebook.com\/mobilitymove\/","article_published_time":"2025-05-05T12:00:28+00:00","og_image":[{"width":640,"height":427,"url":"https:\/\/movemobility.ca\/wp-content\/uploads\/2025\/02\/Saint-Thomas-Community-Health-Center-Mobile-Clinic-Van-8.jpg","type":"image\/jpeg"}],"author":"Quinn Springett","twitter_card":"summary_large_image","twitter_creator":"@mobility_move","twitter_site":"@mobility_move","twitter_misc":{"\u00c9crit par":"Quinn Springett","Estimation du temps de lecture":"8 minutes"},"schema":{"@context":"https:\/\/schema.org","@graph":[{"@type":"Article","@id":"https:\/\/movemobility.ca\/resources\/inclusion-in-communities-with-accessible-vans\/#article","isPartOf":{"@id":"https:\/\/movemobility.ca\/resources\/inclusion-in-communities-with-accessible-vans\/"},"author":{"name":"Quinn Springett","@id":"https:\/\/movemobility.ca\/#\/schema\/person\/b112a07b7817e5defdc30faa0d9c6a49"},"headline":"5 Ways Accessible Vans Can Promote Inclusion in Underserved Communities","datePublished":"2025-05-05T12:00:28+00:00","mainEntityOfPage":{"@id":"https:\/\/movemobility.ca\/resources\/inclusion-in-communities-with-accessible-vans\/"},"wordCount":1623,"publisher":{"@id":"https:\/\/movemobility.ca\/#organization"},"image":{"@id":"https:\/\/movemobility.ca\/resources\/inclusion-in-communities-with-accessible-vans\/#primaryimage"},"thumbnailUrl":"https:\/\/www.movemobility.ca\/wp-content\/uploads\/2025\/02\/Saint-Thomas-Community-Health-Center-Mobile-Clinic-Van-8.jpg","keywords":["commercial accessible vehicle","mobile medical unit","mobile medical vans","wheelchair accessible van","wheelchair accessible vans","wheelchair vans"],"articleSection":["Full Size Wheelchair Vans","Mobile Medical Vans"],"inLanguage":"fr-CA"},{"@type":"WebPage","@id":"https:\/\/movemobility.ca\/resources\/inclusion-in-communities-with-accessible-vans\/","url":"https:\/\/movemobility.ca\/resources\/inclusion-in-communities-with-accessible-vans\/","name":"5 fa\u00e7ons dont les fourgonnettes accessibles peuvent promouvoir l'inclusion dans les communaut\u00e9s mal desservies","isPartOf":{"@id":"https:\/\/movemobility.ca\/#website"},"primaryImageOfPage":{"@id":"https:\/\/movemobility.ca\/resources\/inclusion-in-communities-with-accessible-vans\/#primaryimage"},"image":{"@id":"https:\/\/movemobility.ca\/resources\/inclusion-in-communities-with-accessible-vans\/#primaryimage"},"thumbnailUrl":"https:\/\/www.movemobility.ca\/wp-content\/uploads\/2025\/02\/Saint-Thomas-Community-Health-Center-Mobile-Clinic-Van-8.jpg","datePublished":"2025-05-05T12:00:28+00:00","description":"How can accessible vans break barriers in underserved communities? Learn five ways they promote inclusion and improve lives in Canada.","breadcrumb":{"@id":"https:\/\/movemobility.ca\/resources\/inclusion-in-communities-with-accessible-vans\/#breadcrumb"},"inLanguage":"fr-CA","potentialAction":[{"@type":"ReadAction","target":["https:\/\/movemobility.ca\/resources\/inclusion-in-communities-with-accessible-vans\/"]}]},{"@type":"ImageObject","inLanguage":"fr-CA","@id":"https:\/\/movemobility.ca\/resources\/inclusion-in-communities-with-accessible-vans\/#primaryimage","url":"https:\/\/www.movemobility.ca\/wp-content\/uploads\/2025\/02\/Saint-Thomas-Community-Health-Center-Mobile-Clinic-Van-8.jpg","contentUrl":"https:\/\/www.movemobility.ca\/wp-content\/uploads\/2025\/02\/Saint-Thomas-Community-Health-Center-Mobile-Clinic-Van-8.jpg","width":640,"height":427,"caption":"Accessible vans"},{"@type":"BreadcrumbList","@id":"https:\/\/movemobility.ca\/resources\/inclusion-in-communities-with-accessible-vans\/#breadcrumb","itemListElement":[{"@type":"ListItem","position":1,"name":"Wheelchair Accessible Vans &amp; Medical Vehicles","item":"https:\/\/www.movemobility.ca\/"},{"@type":"ListItem","position":2,"name":"5 Ways Accessible Vans Can Promote Inclusion in Underserved Communities"}]},{"@type":"WebSite","@id":"https:\/\/movemobility.ca\/#website","url":"https:\/\/movemobility.ca\/","name":"MoveMobility","description":"Fourgons et v\u00e9hicules m\u00e9dicaux accessibles aux fauteuils roulants","publisher":{"@id":"https:\/\/movemobility.ca\/#organization"},"potentialAction":[{"@type":"SearchAction","target":{"@type":"EntryPoint","urlTemplate":"https:\/\/movemobility.ca\/?s={search_term_string}"},"query-input":{"@type":"PropertyValueSpecification","valueRequired":true,"valueName":"search_term_string"}}],"inLanguage":"fr-CA"},{"@type":"Organization","@id":"https:\/\/movemobility.ca\/#organization","name":"MoveMobility","url":"https:\/\/movemobility.ca\/","logo":{"@type":"ImageObject","inLanguage":"fr-CA","@id":"https:\/\/movemobility.ca\/#\/schema\/logo\/image\/","url":"https:\/\/www.movemobility.ca\/wp-content\/uploads\/2021\/06\/MM_logo_Stacked-LG.png","contentUrl":"https:\/\/www.movemobility.ca\/wp-content\/uploads\/2021\/06\/MM_logo_Stacked-LG.png","width":444,"height":114,"caption":"MoveMobility"},"image":{"@id":"https:\/\/movemobility.ca\/#\/schema\/logo\/image\/"},"sameAs":["https:\/\/www.facebook.com\/mobilitymove\/","https:\/\/x.com\/mobility_move","https:\/\/www.linkedin.com\/company\/3961770\/","https:\/\/www.youtube.com\/channel\/UCiW-UIxjD6wjjX-7KS4z22g\/"]},{"@type":"Person","@id":"https:\/\/movemobility.ca\/#\/schema\/person\/b112a07b7817e5defdc30faa0d9c6a49","name":"Quinn Springett","image":{"@type":"ImageObject","inLanguage":"fr-CA","@id":"https:\/\/movemobility.ca\/#\/schema\/person\/image\/","url":"https:\/\/www.movemobility.ca\/wp-content\/wphb-cache\/gravatar\/965\/965413787c312966d9102a4b2aa60781x96.jpg","contentUrl":"https:\/\/www.movemobility.ca\/wp-content\/wphb-cache\/gravatar\/965\/965413787c312966d9102a4b2aa60781x96.jpg","caption":"Quinn Springett"},"sameAs":["http:\/\/www.movemobility.ca"]}]}},"_links":{"self":[{"href":"https:\/\/www.movemobility.ca\/fr\/wp-json\/wp\/v2\/posts\/255611","targetHints":{"allow":["GET"]}}],"collection":[{"href":"https:\/\/www.movemobility.ca\/fr\/wp-json\/wp\/v2\/posts"}],"about":[{"href":"https:\/\/www.movemobility.ca\/fr\/wp-json\/wp\/v2\/types\/post"}],"author":[{"embeddable":true,"href":"https:\/\/www.movemobility.ca\/fr\/wp-json\/wp\/v2\/users\/17"}],"replies":[{"embeddable":true,"href":"https:\/\/www.movemobility.ca\/fr\/wp-json\/wp\/v2\/comments?post=255611"}],"version-history":[{"count":0,"href":"https:\/\/www.movemobility.ca\/fr\/wp-json\/wp\/v2\/posts\/255611\/revisions"}],"wp:featuredmedia":[{"embeddable":true,"href":"https:\/\/www.movemobility.ca\/fr\/wp-json\/wp\/v2\/media\/245673"}],"wp:attachment":[{"href":"https:\/\/www.movemobility.ca\/fr\/wp-json\/wp\/v2\/media?parent=255611"}],"wp:term":[{"taxonomy":"category","embeddable":true,"href":"https:\/\/www.movemobility.ca\/fr\/wp-json\/wp\/v2\/categories?post=255611"},{"taxonomy":"post_tag","embeddable":true,"href":"https:\/\/www.movemobility.ca\/fr\/wp-json\/wp\/v2\/tags?post=255611"},{"taxonomy":"type-of-project","embeddable":true,"href":"https:\/\/www.movemobility.ca\/fr\/wp-json\/wp\/v2\/type-of-project?post=255611"},{"taxonomy":"product-family","embeddable":true,"href":"https:\/\/www.movemobility.ca\/fr\/wp-json\/wp\/v2\/product-family?post=255611"},{"taxonomy":"the-big-5","embeddable":true,"href":"https:\/\/www.movemobility.ca\/fr\/wp-json\/wp\/v2\/the-big-5?post=255611"},{"taxonomy":"section","embeddable":true,"href":"https:\/\/www.movemobility.ca\/fr\/wp-json\/wp\/v2\/section?post=255611"},{"taxonomy":"resource","embeddable":true,"href":"https:\/\/www.movemobility.ca\/fr\/wp-json\/wp\/v2\/resource?post=255611"}],"curies":[{"name":"wp","href":"https:\/\/api.w.org\/{rel}","templated":true}]}}