{"id":199768,"date":"2024-07-15T07:00:38","date_gmt":"2024-07-15T12:00:38","guid":{"rendered":"https:\/\/www.movemobility.ca\/?p=199768"},"modified":"2025-05-09T13:39:45","modified_gmt":"2025-05-09T18:39:45","slug":"movemobility-locations","status":"publish","type":"post","link":"https:\/\/www.movemobility.ca\/fr\/resources\/movemobility-locations\/","title":{"rendered":"What Locations Does MoveMobility Serve?"},"content":{"rendered":"<p><span style=\"font-weight: 400;\">You&#8217;re likely feeling overwhelmed trying to find the perfect mobile medical or <\/span><a href=\"https:\/\/www.movemobility.ca\/fr\/ressources\/what-is-a-wheelchair-van\/\" target=\"_blank\" rel=\"noopener\"><span style=\"font-weight: 400;\">v\u00e9hicule accessible aux fauteuils roulants<\/span><\/a><span style=\"font-weight: 400;\"> for your organization. Maybe you&#8217;re concerned about whether the right options are available in the locations you serve.\u00a0<\/span> <span style=\"font-weight: 400;\">This is a common worry, and it&#8217;s completely understandable. You want to ensure your patients or clients have reliable access to healthcare and transportation, and choosing the right vehicle is a big part of that.<\/span><\/p>\r\n<p><span style=\"font-weight: 400;\">Au <\/span><a href=\"http:\/\/www.movemobility.ca\/fr\/\" target=\"_blank\" rel=\"noopener\"><span style=\"font-weight: 400;\">MoveMobility<\/span><\/a><span style=\"font-weight: 400;\">, we&#8217;ve been in the business for over 10 years, helping organizations like yours find the best solutions. We&#8217;re <\/span><a href=\"https:\/\/media.stellantisnorthamerica.com\/newsrelease.do?id=18194&amp;mid=1\" target=\"_blank\" rel=\"noopener\"><span style=\"font-weight: 400;\">RAM Q-Pro<\/span><\/a><span style=\"font-weight: 400;\"> et <\/span><a href=\"https:\/\/www.ford.ca\/mobility\/adaptive-equipment\/qualified-vehicle-modifiers\/\" target=\"_blank\" rel=\"noopener\"><span style=\"font-weight: 400;\">Certification QVM de Ford<\/span><\/a><span style=\"font-weight: 400;\">, which means we meet high standards for quality and safety.\u00a0<\/span><\/p>\r\n<p><span style=\"font-weight: 400;\">Our mission is to <\/span><a href=\"https:\/\/www.movemobility.ca\/fr\/ressources\/breaking-barriers-to-healthcare-with-mobile-medical-vans\/\" target=\"_blank\" rel=\"noopener\"><span style=\"font-weight: 400;\">break barriers<\/span><\/a><span style=\"font-weight: 400;\"> to healthcare and transportation, ensuring more people can access the services they need. While we know we aren&#8217;t the only manufacturer out there, we strive to be the best by focusing on your needs and providing transparent information every step of the way.<\/span><\/p>\r\n<p><span style=\"font-weight: 400;\">In this article, you&#8217;ll learn about the locations we serve. You\u2019ll also learn about some of the mobile medical and wheelchair accessible vehicle solutions we offer. By the time you\u2019re finished reading, you\u2019ll have a better understanding of whether we\u2019re the right fit for your organization.<\/span><\/p>\r\n<p>&nbsp;<\/p>\r\n<p><div class=\"lazyload smush-lazyload-video smush-lazyload-vimeo\" style=\"--smush-video-aspect-ratio: 800\/450\" data-bg-image=\"url(https:\/\/www.movemobility.ca\/wp-admin\/admin-ajax.php?action=smush_video_thumbnail&#038;url=https%3A%2F%2Fplayer.vimeo.com%2Fvideo%2F987336759%3Fh%3Da495db55d7%26amp%3Bdnt%3D1%26amp%3Bapp_id%3D122963&#038;video_width=800&#038;video_height=450)\" ><iframe title=\"MoveMobility Locations We Serve\" data-src=\"https:\/\/player.vimeo.com\/video\/987336759?h=a495db55d7&amp;dnt=1&amp;app_id=122963\" width=\"800\" height=\"450\" frameborder=\"0\" allow=\"autoplay; fullscreen; picture-in-picture; clipboard-write; encrypted-media\" src=\"data:image\/svg+xml;base64,PHN2ZyB3aWR0aD0iMSIgaGVpZ2h0PSIxIiB4bWxucz0iaHR0cDovL3d3dy53My5vcmcvMjAwMC9zdmciPjwvc3ZnPg==\"><\/iframe><span class=\"smush-play-btn\" role=\"button\" aria-label=\"Play video\">\r\n\t\t\t\t<span tabindex=\"0\" class=\"smush-play-btn-inner\">\r\n\t\t\t\t\t<span>Play<\/span>\r\n\t\t\t\t<\/span>\r\n\t\t\t<\/span><\/div><\/p>\r\n<p>&nbsp;<\/p>\r\n<h2>MoveMobility serves all of Canada<\/h2>\r\n<p><b>MoveMobility serves organizations all across Canada<\/b><span style=\"font-weight: 400;\"> with our mobile medical vehicles and wheelchair-accessible vans. We know that different places have different needs, from the busy streets of Toronto to the quiet areas of the Yukon. We aim to ensure that every organization can help the people it serves.<\/span><\/p>\r\n<p><b>Focus on Canadian communities:<\/b><span style=\"font-weight: 400;\"> We know that organizations outside of Canada are also interested in our products. While we do get requests from overseas, <\/span><b>we are currently focused on serving organizations located in Canada<\/b><span style=\"font-weight: 400;\">. This helps us provide the best service and support to our customers, making sure their needs are met quickly and effectively.<\/span><\/p>\r\n<p><span style=\"font-weight: 400;\">We understand the problems that Canadian communities face. For example:<\/span><\/p>\r\n<ul>\r\n<li style=\"font-weight: 400;\" aria-level=\"1\"><b>Rural areas:<\/b><span style=\"font-weight: 400;\"> These places often have limited access to healthcare and transportation. Our mobile medical vans can bring essential medical care to those who need it most.<\/span><\/li>\r\n<li style=\"font-weight: 400;\" aria-level=\"1\"><b>People with disabilities:<\/b><span style=\"font-weight: 400;\"> Our wheelchair accessible vans offer reliable and dignified transportation, making life better for those with disabilities.<\/span><\/li>\r\n<\/ul>\r\n<p>&nbsp;<\/p>\r\n<p><span style=\"font-weight: 400;\">At MoveMobility, we are proud to help you find better healthcare and transportation solutions in Canada. We\u2019re here to support you, no matter where you are in the country, with reliable and innovative vehicles designed to remove barriers and improve lives. In the next sections, you\u2019ll learn about some of the vehicles we manufacture.<\/span> <span style=\"font-weight: 400;\">Although we currently serve only Canada, we warmly invite everyone worldwide to explore our <\/span><a href=\"https:\/\/www.movemobility.ca\/fr\/ressources\/\"><span style=\"font-weight: 400;\">Centre de ressources<\/span><\/a><span style=\"font-weight: 400;\"> for valuable insights and education.<\/span> \u00a0<\/p>\r\n<p>&nbsp;<\/p>\r\n<h2>What mobile medical vehicles does MoveMobility offer?<\/h2>\r\n<p><span style=\"font-weight: 400;\">At MoveMobility, we manufacture <\/span><a href=\"https:\/\/www.movemobility.ca\/fr\/ressources\/types-of-mobile-medical-vans\/\" target=\"_blank\" rel=\"noopener\"><span style=\"font-weight: 400;\">five types of mobile medical vans<\/span><\/a><span style=\"font-weight: 400;\"> to meet various needs throughout Canada:<\/span> \u00a0<\/p>\r\n<div style=\"text-align: center; margin: 40px 0;\">\r\n<div style=\"margin: 60px 0; padding: 20px;\"><a style=\"display: inline-flex; justify-content: center; align-items: center; background-color: #8cc63e; color: #ffffff; font-family: 'Roboto', sans-serif; font-size: 20px; font-weight: bold; text-decoration: none; padding: 14px 30px; border-radius: 5px; line-height: 0; height: 40px; transition: background-color 0.2s ease, text-decoration 0.2s ease;\" href=\"https:\/\/www.movemobility.ca\/fr\/mobile-medical-van-buyers-guide\/?hsCtaTracking=e6fee05a-f7d4-496b-966d-f4b8e0e9ed75%7C0c46a06a-2f5a-467d-8bd2-e75709824eb9\"> Download your free mobile medical van buyer&#8217;s guide! <\/a><\/div>\r\n<\/div>\r\n<p><img fetchpriority=\"high\" decoding=\"async\" class=\"alignnone size-full wp-image-199769\" src=\"https:\/\/www.movemobility.ca\/wp-content\/uploads\/2024\/07\/4-mobile-medical-vans.jpg\" alt=\"\" width=\"640\" height=\"427\" srcset=\"https:\/\/www.movemobility.ca\/wp-content\/uploads\/2024\/07\/4-mobile-medical-vans.jpg 640w, https:\/\/www.movemobility.ca\/wp-content\/uploads\/2024\/07\/4-mobile-medical-vans-400x267.jpg 400w\" sizes=\"(max-width: 640px) 100vw, 640px\" \/> \u00a0<\/p>\r\n<p>&nbsp;<\/p>\r\n<h3>Fourgon mobile de sensibilisation<\/h3>\r\n<p><span style=\"font-weight: 400;\">Le <\/span><a href=\"https:\/\/www.movemobility.ca\/fr\/ressources\/quest-ce-quune-camionnette-de-sensibilisation-mobile\/\" target=\"_blank\" rel=\"noopener\"><span style=\"font-weight: 400;\">Fourgon mobile de sensibilisation<\/span><\/a><span style=\"font-weight: 400;\"> is perfect for traveling outreach teams. It provides transportation and a safe workspace on the go.<\/span> <b>Uses:<\/b><\/p>\r\n<ul>\r\n<li style=\"font-weight: 400;\" aria-level=\"1\"><span style=\"font-weight: 400;\">Bringing medical help to people who can\u2019t travel<\/span><\/li>\r\n<li style=\"font-weight: 400;\" aria-level=\"1\"><span style=\"font-weight: 400;\">Reaching remote areas without health services<\/span><\/li>\r\n<li style=\"font-weight: 400;\" aria-level=\"1\"><span style=\"font-weight: 400;\">Building trust in communities<\/span><\/li>\r\n<\/ul>\r\n<p>&nbsp;<\/p>\r\n<p><b>Who benefits:<\/b><\/p>\r\n<ul>\r\n<li style=\"font-weight: 400;\" aria-level=\"1\"><span style=\"font-weight: 400;\">People struggling with homelessness, drug addiction, mental health issues, and more.\u00a0<\/span><\/li>\r\n<\/ul>\r\n<p>&nbsp;<\/p>\r\n<h3>Fourgon d'intervention mobile<\/h3>\r\n<p><span style=\"font-weight: 400;\">Le <\/span><a href=\"https:\/\/www.movemobility.ca\/fr\/ressources\/what-is-a-mobile-response-van\/\" target=\"_blank\" rel=\"noopener\"><span style=\"font-weight: 400;\">Fourgon d'intervention mobile<\/span><\/a><span style=\"font-weight: 400;\"> is a non-emergency medical van, similar to an ambulance but without life support equipment.<\/span> <b>Uses:<\/b><\/p>\r\n<ul>\r\n<li style=\"font-weight: 400;\" aria-level=\"1\"><span style=\"font-weight: 400;\">Alternative to ambulances for non-urgent medical needs<\/span><\/li>\r\n<li style=\"font-weight: 400;\" aria-level=\"1\"><span style=\"font-weight: 400;\">Urgent care clinics to reduce ER traffic<\/span><\/li>\r\n<li style=\"font-weight: 400;\" aria-level=\"1\"><span style=\"font-weight: 400;\">Mobile medical treatment at remote job sites<\/span><\/li>\r\n<\/ul>\r\n<p>&nbsp;<\/p>\r\n<p><b>Who benefits:<\/b><\/p>\r\n<ul>\r\n<li style=\"font-weight: 400;\" aria-level=\"1\"><span style=\"font-weight: 400;\">Indigenous communities<\/span><\/li>\r\n<li style=\"font-weight: 400;\" aria-level=\"1\"><span style=\"font-weight: 400;\">Homeless individuals<\/span><\/li>\r\n<li style=\"font-weight: 400;\" aria-level=\"1\"><span style=\"font-weight: 400;\">Individuals struggling with substance abuse<\/span><\/li>\r\n<\/ul>\r\n<p>&nbsp;<\/p>\r\n<h3>Camion clinique mobile<\/h3>\r\n<p><span style=\"font-weight: 400;\">Le <\/span><a href=\"https:\/\/www.movemobility.ca\/fr\/ressources\/what-is-a-mobile-clinic-van\/\" target=\"_blank\" rel=\"noopener\"><span style=\"font-weight: 400;\">Camion clinique mobile<\/span><\/a><span style=\"font-weight: 400;\"> is like a doctor\u2019s office on wheels, providing a safe and private treatment space.<\/span> <b>Uses:<\/b><\/p>\r\n<ul>\r\n<li style=\"font-weight: 400;\" aria-level=\"1\"><span style=\"font-weight: 400;\">Bringing healthcare to those with mobility issues or in remote locations<\/span><\/li>\r\n<li style=\"font-weight: 400;\" aria-level=\"1\"><span style=\"font-weight: 400;\">Preventing advanced health issues by offering early treatment<\/span><\/li>\r\n<\/ul>\r\n<p>&nbsp;<\/p>\r\n<p><b>Who benefits:<\/b><\/p>\r\n<ul>\r\n<li style=\"font-weight: 400;\" aria-level=\"1\"><span style=\"font-weight: 400;\">People dealing with drug addiction<\/span><\/li>\r\n<li style=\"font-weight: 400;\" aria-level=\"1\"><span style=\"font-weight: 400;\">Communaut\u00e9s des Premi\u00e8res nations<\/span><\/li>\r\n<li style=\"font-weight: 400;\" aria-level=\"1\"><span style=\"font-weight: 400;\">People living in remote areas with no healthcare<\/span><\/li>\r\n<\/ul>\r\n<p>&nbsp;<\/p>\r\n<h3>Mobile Overdose Prevention Van<\/h3>\r\n<p><span style=\"font-weight: 400;\">Le <\/span><a href=\"https:\/\/www.movemobility.ca\/fr\/ressources\/quest-ce-quun-van-de-prevention-des-overdoses\/\" target=\"_blank\" rel=\"noopener\"><span style=\"font-weight: 400;\">Mobile Overdose Prevention Van<\/span><\/a><span style=\"font-weight: 400;\"> offers supervised consumption services.<\/span> <b>Uses:<\/b><\/p>\r\n<ul>\r\n<li style=\"font-weight: 400;\" aria-level=\"1\"><span style=\"font-weight: 400;\">Providing a safe space for substance use<\/span><\/li>\r\n<li style=\"font-weight: 400;\" aria-level=\"1\"><span style=\"font-weight: 400;\">Preventing infections<\/span><\/li>\r\n<\/ul>\r\n<p>&nbsp;<\/p>\r\n<p><b>Who benefits:<\/b><\/p>\r\n<ul>\r\n<li style=\"font-weight: 400;\" aria-level=\"1\"><span style=\"font-weight: 400;\">Individuals looking for safer consumption practices<\/span><\/li>\r\n<li style=\"font-weight: 400;\" aria-level=\"1\"><span style=\"font-weight: 400;\">Healthcare providers<\/span><\/li>\r\n<li style=\"font-weight: 400;\" aria-level=\"1\"><span style=\"font-weight: 400;\">Families of individuals struggling<\/span><\/li>\r\n<\/ul>\r\n<p>&nbsp;<\/p>\r\n<h2>What wheelchair vans does MoveMobility manufacture?<\/h2>\r\n<div style=\"text-align: center; margin: 40px 0;\">\r\n<div style=\"margin: 60px 0; padding: 20px;\"><a style=\"display: inline-flex; justify-content: center; align-items: center; background-color: #8cc63e; color: #ffffff; font-family: 'Roboto', sans-serif; font-size: 20px; font-weight: bold; text-decoration: none; padding: 14px 30px; border-radius: 5px; line-height: 0; height: 40px; transition: background-color 0.2s ease, text-decoration 0.2s ease;\" href=\"https:\/\/www.movemobility.ca\/fr\/wheelchair-van-buyers-guide\/?hsCtaTracking=52cf15c5-c91d-4e3e-b41a-18d7690431af%7C6a36290b-97e1-4e0b-99da-8d9854d8c663#download-guide-form\"> T\u00e9l\u00e9chargez le guide d'achat des fourgons pour fauteuils roulants ! <\/a><\/div>\r\n<\/div>\r\n<p><span style=\"font-weight: 400;\">MoveMobility offers various wheelchair vans to meet different needs in locations all across Canada. Here\u2019s a quick look:<\/span> \u00a0<\/p>\r\n<p>&nbsp;<\/p>\r\n<h3>S\u00e9rie P<\/h3>\r\n<p>&nbsp;<\/p>\r\n<figure id=\"attachment_125427\" aria-describedby=\"caption-attachment-125427\" style=\"width: 640px\" class=\"wp-caption alignnone\"><img decoding=\"async\" class=\"size-full wp-image-125427 lazyload\" data-src=\"https:\/\/www.movemobility.ca\/wp-content\/uploads\/2022\/11\/p4-side-entry.jpg\" alt=\"2022 T6 Fourgon accessible aux personnes en fauteuil roulant\" width=\"640\" height=\"426\" src=\"data:image\/svg+xml;base64,PHN2ZyB3aWR0aD0iMSIgaGVpZ2h0PSIxIiB4bWxucz0iaHR0cDovL3d3dy53My5vcmcvMjAwMC9zdmciPjwvc3ZnPg==\" style=\"--smush-placeholder-width: 640px; --smush-placeholder-aspect-ratio: 640\/426;\" \/><figcaption id=\"caption-attachment-125427\" class=\"wp-caption-text\">Brevet en cours<\/figcaption><\/figure>\r\n<p><a href=\"https:\/\/www.movemobility.ca\/fr\/fourgons-ram-promaster-accessibles-aux-fauteuils-roulants\/la-serie-p\/ram-promaster-p3\/\" target=\"_blank\" rel=\"noopener\"><b>P3 Van:<\/b><\/a><span style=\"font-weight: 400;\"> This compact option, built on the Ram Promaster 136&#8243; Wheelbase, Low Roof Model, is perfect as a replacement for side or rear entry minivans. It offers more space and flexible seating.<\/span><\/p>\r\n<p><a href=\"https:\/\/www.movemobility.ca\/fr\/fourgons-ram-promaster-accessibles-aux-fauteuils-roulants\/la-serie-p\/ram-promaster-p4\/\" target=\"_blank\" rel=\"noopener\"><b>P4 Van:<\/b><\/a><span style=\"font-weight: 400;\"> The P4 is spacious and built on the Ram Promaster 159\u201d Wheelbase, High Roof Model. It\u2019s ideal for community programs and on-demand transit, with side or rear entry options.<\/span><\/p>\r\n<p><a href=\"https:\/\/www.movemobility.ca\/fr\/fourgons-ram-promaster-accessibles-aux-fauteuils-roulants\/la-serie-p\/ram-promaster-p5\/\" target=\"_blank\" rel=\"noopener\"><b>P5 Van:<\/b><\/a><span style=\"font-weight: 400;\"> This van offers more interior space on the Ram Promaster 159\u201d EXT Wheelbase, High Roof Model, without the hassles of a cutaway bus. It is available with side or rear entry.<\/span><\/p>\r\n<p><a href=\"https:\/\/www.movemobility.ca\/fr\/fourgons-ram-promaster-accessibles-aux-fauteuils-roulants\/la-serie-p\/ram-promaster-p6\/\" target=\"_blank\" rel=\"noopener\"><b>P6 Van:<\/b><\/a><span style=\"font-weight: 400;\"> The P6 is built on the Ram Promaster 159\u201d EXT Wheelbase, High Roof Model, with dual ramp and door access, making it perfect for on-demand transit agencies.<\/span><\/p>\r\n<p><a href=\"https:\/\/www.movemobility.ca\/fr\/fourgons-ram-promaster-accessibles-aux-fauteuils-roulants\/p-flex\/\" target=\"_blank\" rel=\"noopener\"><b>P Flex:<\/b><\/a><span style=\"font-weight: 400;\"> The P6 Flex combines bus features with van maneuverability, which is ideal for community paratransit and micro-transit transportation.<\/span><\/p>\r\n<p><a href=\"https:\/\/www.movemobility.ca\/fr\/fourgons-ram-promaster-accessibles-aux-fauteuils-roulants\/verin-de-levage-arriere-promaster\/\" target=\"_blank\" rel=\"noopener\"><b>PL Classic:<\/b><\/a><span style=\"font-weight: 400;\"> The Pl Classic is built on the Ram Promaster 159\u201d Wheelbase High Roof Model, with rear access and a wheelchair lift, seating up to 10 ambulatory passengers and 3 wheelchairs.<\/span><\/p>\r\n<p><a href=\"https:\/\/www.movemobility.ca\/fr\/fourgons-ram-promaster-accessibles-aux-fauteuils-roulants\/rampe-arriere-dodge-promaster\/\" target=\"_blank\" rel=\"noopener\"><b>PR Classic:<\/b><\/a><span style=\"font-weight: 400;\"> This vehicle is similar to the PL Classic but has a manual rear ramp, making it a reliable option for accessible transportation.<\/span><\/p>\r\n<p><a href=\"https:\/\/www.movemobility.ca\/fr\/fourgons-ram-promaster-accessibles-aux-fauteuils-roulants\/rear-entry-van-conversion\/\" target=\"_blank\" rel=\"noopener\"><b>VL Series:<\/b><\/a> <span style=\"font-weight: 400;\">This cost-effective rear entry van conversion is built on the Ram Promaster 159\u201d Wheelbase High Roof Model. It\u2019s budget-friendly, has a manual ramp, and can seat up to 8 ambulatory passengers and 1 wheelchair.<\/span><\/p>\r\n<p><b><\/b>\u00a0<\/p>\r\n<h3>\u00c9dition Trail<\/h3>\r\n<p>&nbsp;<\/p>\r\n<p>\u00a0 <img decoding=\"async\" class=\"alignnone size-full wp-image-128877 lazyload\" data-src=\"https:\/\/www.movemobility.ca\/wp-content\/uploads\/2023\/02\/Ford-Transit-Off-Road-Wheelchair-Van-Trail-Edition-3.jpg\" alt=\"\u00e9dition sentier\" width=\"640\" height=\"427\" data-srcset=\"https:\/\/www.movemobility.ca\/wp-content\/uploads\/2023\/02\/Ford-Transit-Off-Road-Wheelchair-Van-Trail-Edition-3.jpg 640w, https:\/\/www.movemobility.ca\/wp-content\/uploads\/2023\/02\/Ford-Transit-Off-Road-Wheelchair-Van-Trail-Edition-3-400x267.jpg 400w\" data-sizes=\"auto\" src=\"data:image\/svg+xml;base64,PHN2ZyB3aWR0aD0iMSIgaGVpZ2h0PSIxIiB4bWxucz0iaHR0cDovL3d3dy53My5vcmcvMjAwMC9zdmciPjwvc3ZnPg==\" style=\"--smush-placeholder-width: 640px; --smush-placeholder-aspect-ratio: 640\/427;\" data-original-sizes=\"(max-width: 640px) 100vw, 640px\" \/> \u00a0<\/p>\r\n<p>&nbsp;<\/p>\r\n<p><span style=\"font-weight: 400;\">Le <\/span><a href=\"https:\/\/www.movemobility.ca\/fr\/off-road-wheelchair-van-trail-edition\/\" target=\"_blank\" rel=\"noopener\"><span style=\"font-weight: 400;\">\u00c9dition Trail<\/span><\/a><span style=\"font-weight: 400;\"> is designed for off-road use and is perfect for gravel or winter roads. It adds heavy-duty equipment to the Ram Promaster or Ford Transit van, ensuring durability.<\/span> \u00a0<\/p>\r\n<p>&nbsp;<\/p>\r\n<h3>T-Series<\/h3>\r\n<p>&nbsp;<\/p>\r\n<figure id=\"attachment_95617\" aria-describedby=\"caption-attachment-95617\" style=\"width: 640px\" class=\"wp-caption alignnone\"><img decoding=\"async\" class=\"size-full wp-image-95617 lazyload\" data-src=\"https:\/\/www.movemobility.ca\/wp-content\/uploads\/2022\/04\/MoveMobility-Side-Entry-Ford-Transit-T6-Accessible-Van.jpg\" alt=\"Side Entry Ford Transit T6 wheelchair van parked at Neilson Creative Centre in Mississauga, ON\" width=\"640\" height=\"427\" data-srcset=\"https:\/\/www.movemobility.ca\/wp-content\/uploads\/2022\/04\/MoveMobility-Side-Entry-Ford-Transit-T6-Accessible-Van.jpg 640w, https:\/\/www.movemobility.ca\/wp-content\/uploads\/2022\/04\/MoveMobility-Side-Entry-Ford-Transit-T6-Accessible-Van-400x267.jpg 400w\" data-sizes=\"auto\" src=\"data:image\/svg+xml;base64,PHN2ZyB3aWR0aD0iMSIgaGVpZ2h0PSIxIiB4bWxucz0iaHR0cDovL3d3dy53My5vcmcvMjAwMC9zdmciPjwvc3ZnPg==\" style=\"--smush-placeholder-width: 640px; --smush-placeholder-aspect-ratio: 640\/427;\" data-original-sizes=\"(max-width: 640px) 100vw, 640px\" \/><figcaption id=\"caption-attachment-95617\" class=\"wp-caption-text\">MoveMobility Fourgon \u00e0 acc\u00e8s lat\u00e9ral Ford Transit T6 Accessible<\/figcaption><\/figure>\r\n<p>&nbsp;<\/p>\r\n<p><a href=\"https:\/\/www.movemobility.ca\/fr\/fourgons-ford-transit-accessibles-aux-fauteuils-roulants\/side-entry-ford-transit-t6\/\" target=\"_blank\" rel=\"noopener\"><b>T6:<\/b><\/a><span style=\"font-weight: 400;\"> The T6 is built on the Ford Transit 148\u201d EXT Wheelbase High Roof Model, offering bus functionality with van cost savings.<\/span> <a href=\"https:\/\/www.movemobility.ca\/fr\/fourgons-ford-transit-accessibles-aux-fauteuils-roulants\/rear-lift-ford-transit\/\" target=\"_blank\" rel=\"noopener\"><b>TL Classic:<\/b><\/a><span style=\"font-weight: 400;\"> This van offers rear lift access on the Ford Transit and is flexible for wheelchair and ambulatory passenger transportation.<\/span> <a href=\"https:\/\/www.movemobility.ca\/fr\/fourgons-ford-transit-accessibles-aux-fauteuils-roulants\/rear-ramp-ford-transit\/\" target=\"_blank\" rel=\"noopener\"><b>TR Classic:<\/b><\/a><span style=\"font-weight: 400;\"> This van is similar to the TL Classic, with a rear ramp for easy wheelchair access.<\/span> \u00a0<\/p>\r\n<p>&nbsp;<\/p>\r\n<h3>Monospaces accessibles aux personnes en fauteuil roulant<\/h3>\r\n<p>&nbsp;<\/p>\r\n<p>\u00a0 <img decoding=\"async\" class=\"alignnone size-full wp-image-168365 lazyload\" data-src=\"https:\/\/www.movemobility.ca\/wp-content\/uploads\/2024\/04\/P111347-MoveMobility-Black-Rear-Ramp-Accessible-Minivan-2.jpg\" alt=\"Ramp to a wheelchair accessible minivan\" width=\"640\" height=\"427\" data-srcset=\"https:\/\/www.movemobility.ca\/wp-content\/uploads\/2024\/04\/P111347-MoveMobility-Black-Rear-Ramp-Accessible-Minivan-2.jpg 640w, https:\/\/www.movemobility.ca\/wp-content\/uploads\/2024\/04\/P111347-MoveMobility-Black-Rear-Ramp-Accessible-Minivan-2-400x267.jpg 400w\" data-sizes=\"auto\" src=\"data:image\/svg+xml;base64,PHN2ZyB3aWR0aD0iMSIgaGVpZ2h0PSIxIiB4bWxucz0iaHR0cDovL3d3dy53My5vcmcvMjAwMC9zdmciPjwvc3ZnPg==\" style=\"--smush-placeholder-width: 640px; --smush-placeholder-aspect-ratio: 640\/427;\" data-original-sizes=\"(max-width: 640px) 100vw, 640px\" \/> \u00a0<\/p>\r\n<p>&nbsp;<\/p>\r\n<p><a href=\"https:\/\/www.movemobility.ca\/fr\/conversion-de-lentree-arriere-dune-dodge-commerciale\/\" target=\"_blank\" rel=\"noopener\"><b>Rear entry minivan:<\/b><\/a><span style=\"font-weight: 400;\"> The Chrysler Grand Caravan provides easy wheelchair access from the rear, ideal for adult daycare and medical transportation.<\/span><\/p>\r\n<p><a href=\"https:\/\/www.movemobility.ca\/fr\/entree-laterale-dodge-grand-caravan\/\" target=\"_blank\" rel=\"noopener\"><b>Side entry minivan:<\/b><\/a><span style=\"font-weight: 400;\"> The side entry version offers side entry access for up to 2 wheelchairs and ambulatory passengers.<\/span> \u00a0<\/p>\r\n<p>&nbsp;<\/p>\r\n<h3>Fourgon de transfert de patients hors SAMU<\/h3>\r\n<p>&nbsp;<\/p>\r\n<p>\u00a0 <img decoding=\"async\" class=\"alignnone size-full wp-image-77644 lazyload\" data-src=\"https:\/\/www.movemobility.ca\/wp-content\/uploads\/2021\/08\/Non-Emergency-Patient-Transport-Van-7.jpg\" alt=\"ram promaster with bi fold swinging wheelchair ramp and stretcher secured to floor\" width=\"640\" height=\"427\" data-srcset=\"https:\/\/www.movemobility.ca\/wp-content\/uploads\/2021\/08\/Non-Emergency-Patient-Transport-Van-7.jpg 640w, https:\/\/www.movemobility.ca\/wp-content\/uploads\/2021\/08\/Non-Emergency-Patient-Transport-Van-7-400x267.jpg 400w, https:\/\/www.movemobility.ca\/wp-content\/uploads\/2021\/08\/Non-Emergency-Patient-Transport-Van-7-100x67.jpg 100w\" data-sizes=\"auto\" src=\"data:image\/svg+xml;base64,PHN2ZyB3aWR0aD0iMSIgaGVpZ2h0PSIxIiB4bWxucz0iaHR0cDovL3d3dy53My5vcmcvMjAwMC9zdmciPjwvc3ZnPg==\" style=\"--smush-placeholder-width: 640px; --smush-placeholder-aspect-ratio: 640\/427;\" data-original-sizes=\"(max-width: 640px) 100vw, 640px\" \/> \u00a0<\/p>\r\n<p>&nbsp;<\/p>\r\n<p><span style=\"font-weight: 400;\">Le <\/span><a href=\"https:\/\/www.movemobility.ca\/fr\/non-ems-patient-transfer-van\/\" target=\"_blank\" rel=\"noopener\"><span style=\"font-weight: 400;\">Fourgon de transfert de patients hors SAMU<\/span><\/a><span style=\"font-weight: 400;\"> is designed for non-emergency stretcher and wheelchair transportation, freeing up emergency medical services for urgent care.<\/span> \u00a0<\/p>\r\n<p>&nbsp;<\/p>\r\n<h2>Learn more about our wheelchair accessible and mobile medical vans<\/h2>\r\n<p><span style=\"font-weight: 400;\">You came here to find out what locations we serve at MoveMobility. If you made it this far, now you know that we provide service across Canada and offer a variety of mobile medical and wheelchair vans to meet your needs.<\/span><\/p>\r\n<p><span style=\"font-weight: 400;\">At MoveMobility, we&#8217;re dedicated to making healthcare and transportation accessible for everyone. We focus on innovation and customer satisfaction, setting us apart as industry leaders. We understand your unique challenges and are here to support you every step of the way.<\/span><\/p>\r\n<p><span style=\"font-weight: 400;\">If you have any further questions about what areas we serve, click the button below to talk to a mobility expert. We&#8217;re here to help answer all of your questions and find the best solution for your needs.<\/span><\/p>\r\n<p><span style=\"font-weight: 400;\">Si vous n'\u00eates pas encore pr\u00eat \u00e0 parler \u00e0 un expert en mobilit\u00e9, nous avons quelques autres ressources \u00e0 vous proposer pour en savoir plus.<\/span><\/p>\r\n<p><span style=\"font-weight: 400;\">These two buyer\u2019s guides will help you better understand our wheelchair vans and mobile medical vans. <\/span><\/p>\r\n<ul>\r\n<li style=\"font-weight: 400;\" aria-level=\"1\"><a href=\"https:\/\/www.movemobility.ca\/fr\/mobile-medical-van-buyers-guide\/\" target=\"_blank\" rel=\"noopener\"><span style=\"font-weight: 400;\">A guide to mobile medical vans<\/span><\/a><\/li>\r\n<li style=\"font-weight: 400;\" aria-level=\"1\"><a href=\"https:\/\/www.movemobility.ca\/fr\/wheelchair-van-buyers-guide\/\" target=\"_blank\" rel=\"noopener\"><span style=\"font-weight: 400;\">A guide to wheelchair vans<\/span><\/a><\/li>\r\n<\/ul>\r\n<p>&nbsp;<\/p>\r\n\r\n<div class=\"wp-block-buttons is-content-justification-center is-layout-flex wp-container-core-buttons-is-layout-a89b3969 wp-block-buttons-is-layout-flex\">\r\n<div class=\"wp-block-button\"><a class=\"wp-block-button__link has-white-color has-text-color has-background has-link-color wp-element-button\" style=\"border-radius: 5px; background-color: #8cc63e;\" href=\"https:\/\/www.movemobility.ca\/fr\/contact\/#hs-cta-trigger-button%20hs-cta-trigger-button-164179720087\">Parler \u00e0 un expert<\/a><\/div>\r\n<\/div>","protected":false},"excerpt":{"rendered":"<p>You&#8217;re likely feeling overwhelmed trying to find the perfect mobile medical or wheelchair accessible vehicle for your organization. Maybe you&#8217;re concerned about whether the right options are available in the locations you serve.\u00a0 This is a common worry, and it&#8217;s completely understandable. You want to ensure your patients or clients have reliable access to healthcare [&hellip;]<\/p>\n","protected":false},"author":17,"featured_media":159289,"comment_status":"closed","ping_status":"closed","sticky":false,"template":"","format":"standard","meta":{"content-type":"","footnotes":""},"categories":[2677,2406,2775,2797,2779,2678],"tags":[2245,2307,18,22,16],"type-of-project":[2947,2970,2946,2948,2945],"product-family":[2942,2943,2941],"the-big-5":[2935,2939,2937],"section":[2944,2932,2933],"resource":[2926,2929],"class_list":["post-199768","post","type-post","status-publish","format-standard","has-post-thumbnail","hentry","category-full-size-whelechair-vans","category-mobile-medical-vans","category-full-size-wheelchair-vans-p-series","category-the-t-series","category-the-trail-edition","category-wheelchair-accessible-minivans","tag-mobile-medical-van","tag-mobile-medical-vans","tag-wheelchair-accessible-van","tag-wheelchair-vans","tag-wheelchair-vehicles","type-of-project-adult-daycare-and-community-living","type-of-project-first-nations-indigenous-communities","type-of-project-mobile-health-and-outreach-services","type-of-project-stretcher-patient-transfer","type-of-project-urban-handi-transit","product-family-medical-van","product-family-mini-van","product-family-wheelchair-van","the-big-5-problems","the-big-5-questions","the-big-5-reviews","section-know-more","section-considering","section-experience","resource-article","resource-guide"],"yoast_head":"<!-- This site is optimized with the Yoast SEO plugin v27.1.1 - https:\/\/yoast.com\/product\/yoast-seo-wordpress\/ -->\n<title>What Locations Does MoveMobility Serve?<\/title>\n<meta name=\"description\" content=\"Is your organization located inside or outside Canada? Read this article to learn about the locations we serve at MoveMobility.\" \/>\n<meta name=\"robots\" content=\"index, follow, max-snippet:-1, max-image-preview:large, max-video-preview:-1\" \/>\n<link rel=\"canonical\" href=\"https:\/\/movemobility.ca\/resources\/movemobility-locations\/\" \/>\n<meta property=\"og:locale\" content=\"fr_CA\" \/>\n<meta property=\"og:type\" content=\"article\" \/>\n<meta property=\"og:title\" content=\"What Locations Does MoveMobility Serve?\" \/>\n<meta property=\"og:description\" content=\"Is your organization located inside or outside Canada? Read this article to learn about the locations we serve at MoveMobility.\" \/>\n<meta property=\"og:url\" content=\"https:\/\/movemobility.ca\/resources\/movemobility-locations\/\" \/>\n<meta property=\"og:site_name\" content=\"MoveMobility\" \/>\n<meta property=\"article:publisher\" content=\"https:\/\/www.facebook.com\/mobilitymove\/\" \/>\n<meta property=\"article:published_time\" content=\"2024-07-15T12:00:38+00:00\" \/>\n<meta property=\"article:modified_time\" content=\"2025-05-09T18:39:45+00:00\" \/>\n<meta property=\"og:image\" content=\"https:\/\/movemobility.ca\/wp-content\/uploads\/2024\/01\/IMG_0413.jpg\" \/>\n\t<meta property=\"og:image:width\" content=\"640\" \/>\n\t<meta property=\"og:image:height\" content=\"427\" \/>\n\t<meta property=\"og:image:type\" content=\"image\/jpeg\" \/>\n<meta name=\"author\" content=\"Quinn Springett\" \/>\n<meta name=\"twitter:card\" content=\"summary_large_image\" \/>\n<meta name=\"twitter:creator\" content=\"@mobility_move\" \/>\n<meta name=\"twitter:site\" content=\"@mobility_move\" \/>\n<meta name=\"twitter:label1\" content=\"\u00c9crit par\" \/>\n\t<meta name=\"twitter:data1\" content=\"Quinn Springett\" \/>\n\t<meta name=\"twitter:label2\" content=\"Estimation du temps de lecture\" \/>\n\t<meta name=\"twitter:data2\" content=\"8 minutes\" \/>\n<script type=\"application\/ld+json\" class=\"yoast-schema-graph\">{\"@context\":\"https:\/\/schema.org\",\"@graph\":[{\"@type\":\"Article\",\"@id\":\"https:\/\/movemobility.ca\/resources\/movemobility-locations\/#article\",\"isPartOf\":{\"@id\":\"https:\/\/movemobility.ca\/resources\/movemobility-locations\/\"},\"author\":{\"name\":\"Quinn Springett\",\"@id\":\"https:\/\/movemobility.ca\/#\/schema\/person\/b112a07b7817e5defdc30faa0d9c6a49\"},\"headline\":\"What Locations Does MoveMobility Serve?\",\"datePublished\":\"2024-07-15T12:00:38+00:00\",\"dateModified\":\"2025-05-09T18:39:45+00:00\",\"mainEntityOfPage\":{\"@id\":\"https:\/\/movemobility.ca\/resources\/movemobility-locations\/\"},\"wordCount\":1366,\"publisher\":{\"@id\":\"https:\/\/movemobility.ca\/#organization\"},\"image\":{\"@id\":\"https:\/\/movemobility.ca\/resources\/movemobility-locations\/#primaryimage\"},\"thumbnailUrl\":\"https:\/\/www.movemobility.ca\/wp-content\/uploads\/2024\/01\/IMG_0413.jpg\",\"keywords\":[\"mobile medical van\",\"mobile medical vans\",\"wheelchair accessible van\",\"wheelchair vans\",\"wheelchair vehicles\"],\"articleSection\":[\"Full Size Wheelchair Vans\",\"Mobile Medical Vans\",\"The P Series\",\"The T Series\",\"The Trail Edition\",\"Wheelchair Accessible Minivans\"],\"inLanguage\":\"fr-CA\"},{\"@type\":\"WebPage\",\"@id\":\"https:\/\/movemobility.ca\/resources\/movemobility-locations\/\",\"url\":\"https:\/\/movemobility.ca\/resources\/movemobility-locations\/\",\"name\":\"What Locations Does MoveMobility Serve?\",\"isPartOf\":{\"@id\":\"https:\/\/movemobility.ca\/#website\"},\"primaryImageOfPage\":{\"@id\":\"https:\/\/movemobility.ca\/resources\/movemobility-locations\/#primaryimage\"},\"image\":{\"@id\":\"https:\/\/movemobility.ca\/resources\/movemobility-locations\/#primaryimage\"},\"thumbnailUrl\":\"https:\/\/www.movemobility.ca\/wp-content\/uploads\/2024\/01\/IMG_0413.jpg\",\"datePublished\":\"2024-07-15T12:00:38+00:00\",\"dateModified\":\"2025-05-09T18:39:45+00:00\",\"description\":\"Is your organization located inside or outside Canada? Read this article to learn about the locations we serve at MoveMobility.\",\"breadcrumb\":{\"@id\":\"https:\/\/movemobility.ca\/resources\/movemobility-locations\/#breadcrumb\"},\"inLanguage\":\"fr-CA\",\"potentialAction\":[{\"@type\":\"ReadAction\",\"target\":[\"https:\/\/movemobility.ca\/resources\/movemobility-locations\/\"]}]},{\"@type\":\"ImageObject\",\"inLanguage\":\"fr-CA\",\"@id\":\"https:\/\/movemobility.ca\/resources\/movemobility-locations\/#primaryimage\",\"url\":\"https:\/\/www.movemobility.ca\/wp-content\/uploads\/2024\/01\/IMG_0413.jpg\",\"contentUrl\":\"https:\/\/www.movemobility.ca\/wp-content\/uploads\/2024\/01\/IMG_0413.jpg\",\"width\":640,\"height\":427,\"caption\":\"MoveMobility Mobile Clinic Demo Van\"},{\"@type\":\"BreadcrumbList\",\"@id\":\"https:\/\/movemobility.ca\/resources\/movemobility-locations\/#breadcrumb\",\"itemListElement\":[{\"@type\":\"ListItem\",\"position\":1,\"name\":\"Wheelchair Accessible Vans &amp; Medical Vehicles\",\"item\":\"https:\/\/www.movemobility.ca\/\"},{\"@type\":\"ListItem\",\"position\":2,\"name\":\"What Locations Does MoveMobility Serve?\"}]},{\"@type\":\"WebSite\",\"@id\":\"https:\/\/movemobility.ca\/#website\",\"url\":\"https:\/\/movemobility.ca\/\",\"name\":\"MoveMobility\",\"description\":\"Wheelchair Accessible Vans &amp; Medical Vehicles\",\"publisher\":{\"@id\":\"https:\/\/movemobility.ca\/#organization\"},\"potentialAction\":[{\"@type\":\"SearchAction\",\"target\":{\"@type\":\"EntryPoint\",\"urlTemplate\":\"https:\/\/movemobility.ca\/?s={search_term_string}\"},\"query-input\":{\"@type\":\"PropertyValueSpecification\",\"valueRequired\":true,\"valueName\":\"search_term_string\"}}],\"inLanguage\":\"fr-CA\"},{\"@type\":\"Organization\",\"@id\":\"https:\/\/movemobility.ca\/#organization\",\"name\":\"MoveMobility\",\"url\":\"https:\/\/movemobility.ca\/\",\"logo\":{\"@type\":\"ImageObject\",\"inLanguage\":\"fr-CA\",\"@id\":\"https:\/\/movemobility.ca\/#\/schema\/logo\/image\/\",\"url\":\"https:\/\/www.movemobility.ca\/wp-content\/uploads\/2021\/06\/MM_logo_Stacked-LG.png\",\"contentUrl\":\"https:\/\/www.movemobility.ca\/wp-content\/uploads\/2021\/06\/MM_logo_Stacked-LG.png\",\"width\":444,\"height\":114,\"caption\":\"MoveMobility\"},\"image\":{\"@id\":\"https:\/\/movemobility.ca\/#\/schema\/logo\/image\/\"},\"sameAs\":[\"https:\/\/www.facebook.com\/mobilitymove\/\",\"https:\/\/x.com\/mobility_move\",\"https:\/\/www.linkedin.com\/company\/3961770\/\",\"https:\/\/www.youtube.com\/channel\/UCiW-UIxjD6wjjX-7KS4z22g\/\"]},{\"@type\":\"Person\",\"@id\":\"https:\/\/movemobility.ca\/#\/schema\/person\/b112a07b7817e5defdc30faa0d9c6a49\",\"name\":\"Quinn Springett\",\"image\":{\"@type\":\"ImageObject\",\"inLanguage\":\"fr-CA\",\"@id\":\"https:\/\/movemobility.ca\/#\/schema\/person\/image\/\",\"url\":\"https:\/\/www.movemobility.ca\/wp-content\/wphb-cache\/gravatar\/965\/965413787c312966d9102a4b2aa60781x96.jpg\",\"contentUrl\":\"https:\/\/www.movemobility.ca\/wp-content\/wphb-cache\/gravatar\/965\/965413787c312966d9102a4b2aa60781x96.jpg\",\"caption\":\"Quinn Springett\"},\"sameAs\":[\"http:\/\/www.movemobility.ca\"]}]}<\/script>\n<!-- \/ Yoast SEO plugin. -->","yoast_head_json":{"title":"What Locations Does MoveMobility Serve?","description":"Is your organization located inside or outside Canada? Read this article to learn about the locations we serve at MoveMobility.","robots":{"index":"index","follow":"follow","max-snippet":"max-snippet:-1","max-image-preview":"max-image-preview:large","max-video-preview":"max-video-preview:-1"},"canonical":"https:\/\/movemobility.ca\/resources\/movemobility-locations\/","og_locale":"fr_CA","og_type":"article","og_title":"What Locations Does MoveMobility Serve?","og_description":"Is your organization located inside or outside Canada? Read this article to learn about the locations we serve at MoveMobility.","og_url":"https:\/\/movemobility.ca\/resources\/movemobility-locations\/","og_site_name":"MoveMobility","article_publisher":"https:\/\/www.facebook.com\/mobilitymove\/","article_published_time":"2024-07-15T12:00:38+00:00","article_modified_time":"2025-05-09T18:39:45+00:00","og_image":[{"width":640,"height":427,"url":"https:\/\/movemobility.ca\/wp-content\/uploads\/2024\/01\/IMG_0413.jpg","type":"image\/jpeg"}],"author":"Quinn Springett","twitter_card":"summary_large_image","twitter_creator":"@mobility_move","twitter_site":"@mobility_move","twitter_misc":{"\u00c9crit par":"Quinn Springett","Estimation du temps de lecture":"8 minutes"},"schema":{"@context":"https:\/\/schema.org","@graph":[{"@type":"Article","@id":"https:\/\/movemobility.ca\/resources\/movemobility-locations\/#article","isPartOf":{"@id":"https:\/\/movemobility.ca\/resources\/movemobility-locations\/"},"author":{"name":"Quinn Springett","@id":"https:\/\/movemobility.ca\/#\/schema\/person\/b112a07b7817e5defdc30faa0d9c6a49"},"headline":"What Locations Does MoveMobility Serve?","datePublished":"2024-07-15T12:00:38+00:00","dateModified":"2025-05-09T18:39:45+00:00","mainEntityOfPage":{"@id":"https:\/\/movemobility.ca\/resources\/movemobility-locations\/"},"wordCount":1366,"publisher":{"@id":"https:\/\/movemobility.ca\/#organization"},"image":{"@id":"https:\/\/movemobility.ca\/resources\/movemobility-locations\/#primaryimage"},"thumbnailUrl":"https:\/\/www.movemobility.ca\/wp-content\/uploads\/2024\/01\/IMG_0413.jpg","keywords":["mobile medical van","mobile medical vans","wheelchair accessible van","wheelchair vans","wheelchair vehicles"],"articleSection":["Full Size Wheelchair Vans","Mobile Medical Vans","The P Series","The T Series","The Trail Edition","Wheelchair Accessible Minivans"],"inLanguage":"fr-CA"},{"@type":"WebPage","@id":"https:\/\/movemobility.ca\/resources\/movemobility-locations\/","url":"https:\/\/movemobility.ca\/resources\/movemobility-locations\/","name":"What Locations Does MoveMobility Serve?","isPartOf":{"@id":"https:\/\/movemobility.ca\/#website"},"primaryImageOfPage":{"@id":"https:\/\/movemobility.ca\/resources\/movemobility-locations\/#primaryimage"},"image":{"@id":"https:\/\/movemobility.ca\/resources\/movemobility-locations\/#primaryimage"},"thumbnailUrl":"https:\/\/www.movemobility.ca\/wp-content\/uploads\/2024\/01\/IMG_0413.jpg","datePublished":"2024-07-15T12:00:38+00:00","dateModified":"2025-05-09T18:39:45+00:00","description":"Is your organization located inside or outside Canada? Read this article to learn about the locations we serve at MoveMobility.","breadcrumb":{"@id":"https:\/\/movemobility.ca\/resources\/movemobility-locations\/#breadcrumb"},"inLanguage":"fr-CA","potentialAction":[{"@type":"ReadAction","target":["https:\/\/movemobility.ca\/resources\/movemobility-locations\/"]}]},{"@type":"ImageObject","inLanguage":"fr-CA","@id":"https:\/\/movemobility.ca\/resources\/movemobility-locations\/#primaryimage","url":"https:\/\/www.movemobility.ca\/wp-content\/uploads\/2024\/01\/IMG_0413.jpg","contentUrl":"https:\/\/www.movemobility.ca\/wp-content\/uploads\/2024\/01\/IMG_0413.jpg","width":640,"height":427,"caption":"MoveMobility Mobile Clinic Demo Van"},{"@type":"BreadcrumbList","@id":"https:\/\/movemobility.ca\/resources\/movemobility-locations\/#breadcrumb","itemListElement":[{"@type":"ListItem","position":1,"name":"Wheelchair Accessible Vans &amp; Medical Vehicles","item":"https:\/\/www.movemobility.ca\/"},{"@type":"ListItem","position":2,"name":"What Locations Does MoveMobility Serve?"}]},{"@type":"WebSite","@id":"https:\/\/movemobility.ca\/#website","url":"https:\/\/movemobility.ca\/","name":"MoveMobility","description":"Fourgons et v\u00e9hicules m\u00e9dicaux accessibles aux fauteuils roulants","publisher":{"@id":"https:\/\/movemobility.ca\/#organization"},"potentialAction":[{"@type":"SearchAction","target":{"@type":"EntryPoint","urlTemplate":"https:\/\/movemobility.ca\/?s={search_term_string}"},"query-input":{"@type":"PropertyValueSpecification","valueRequired":true,"valueName":"search_term_string"}}],"inLanguage":"fr-CA"},{"@type":"Organization","@id":"https:\/\/movemobility.ca\/#organization","name":"MoveMobility","url":"https:\/\/movemobility.ca\/","logo":{"@type":"ImageObject","inLanguage":"fr-CA","@id":"https:\/\/movemobility.ca\/#\/schema\/logo\/image\/","url":"https:\/\/www.movemobility.ca\/wp-content\/uploads\/2021\/06\/MM_logo_Stacked-LG.png","contentUrl":"https:\/\/www.movemobility.ca\/wp-content\/uploads\/2021\/06\/MM_logo_Stacked-LG.png","width":444,"height":114,"caption":"MoveMobility"},"image":{"@id":"https:\/\/movemobility.ca\/#\/schema\/logo\/image\/"},"sameAs":["https:\/\/www.facebook.com\/mobilitymove\/","https:\/\/x.com\/mobility_move","https:\/\/www.linkedin.com\/company\/3961770\/","https:\/\/www.youtube.com\/channel\/UCiW-UIxjD6wjjX-7KS4z22g\/"]},{"@type":"Person","@id":"https:\/\/movemobility.ca\/#\/schema\/person\/b112a07b7817e5defdc30faa0d9c6a49","name":"Quinn Springett","image":{"@type":"ImageObject","inLanguage":"fr-CA","@id":"https:\/\/movemobility.ca\/#\/schema\/person\/image\/","url":"https:\/\/www.movemobility.ca\/wp-content\/wphb-cache\/gravatar\/965\/965413787c312966d9102a4b2aa60781x96.jpg","contentUrl":"https:\/\/www.movemobility.ca\/wp-content\/wphb-cache\/gravatar\/965\/965413787c312966d9102a4b2aa60781x96.jpg","caption":"Quinn Springett"},"sameAs":["http:\/\/www.movemobility.ca"]}]}},"_links":{"self":[{"href":"https:\/\/www.movemobility.ca\/fr\/wp-json\/wp\/v2\/posts\/199768","targetHints":{"allow":["GET"]}}],"collection":[{"href":"https:\/\/www.movemobility.ca\/fr\/wp-json\/wp\/v2\/posts"}],"about":[{"href":"https:\/\/www.movemobility.ca\/fr\/wp-json\/wp\/v2\/types\/post"}],"author":[{"embeddable":true,"href":"https:\/\/www.movemobility.ca\/fr\/wp-json\/wp\/v2\/users\/17"}],"replies":[{"embeddable":true,"href":"https:\/\/www.movemobility.ca\/fr\/wp-json\/wp\/v2\/comments?post=199768"}],"version-history":[{"count":0,"href":"https:\/\/www.movemobility.ca\/fr\/wp-json\/wp\/v2\/posts\/199768\/revisions"}],"wp:featuredmedia":[{"embeddable":true,"href":"https:\/\/www.movemobility.ca\/fr\/wp-json\/wp\/v2\/media\/159289"}],"wp:attachment":[{"href":"https:\/\/www.movemobility.ca\/fr\/wp-json\/wp\/v2\/media?parent=199768"}],"wp:term":[{"taxonomy":"category","embeddable":true,"href":"https:\/\/www.movemobility.ca\/fr\/wp-json\/wp\/v2\/categories?post=199768"},{"taxonomy":"post_tag","embeddable":true,"href":"https:\/\/www.movemobility.ca\/fr\/wp-json\/wp\/v2\/tags?post=199768"},{"taxonomy":"type-of-project","embeddable":true,"href":"https:\/\/www.movemobility.ca\/fr\/wp-json\/wp\/v2\/type-of-project?post=199768"},{"taxonomy":"product-family","embeddable":true,"href":"https:\/\/www.movemobility.ca\/fr\/wp-json\/wp\/v2\/product-family?post=199768"},{"taxonomy":"the-big-5","embeddable":true,"href":"https:\/\/www.movemobility.ca\/fr\/wp-json\/wp\/v2\/the-big-5?post=199768"},{"taxonomy":"section","embeddable":true,"href":"https:\/\/www.movemobility.ca\/fr\/wp-json\/wp\/v2\/section?post=199768"},{"taxonomy":"resource","embeddable":true,"href":"https:\/\/www.movemobility.ca\/fr\/wp-json\/wp\/v2\/resource?post=199768"}],"curies":[{"name":"wp","href":"https:\/\/api.w.org\/{rel}","templated":true}]}}