{"id":178081,"date":"2024-06-10T07:00:41","date_gmt":"2024-06-10T12:00:41","guid":{"rendered":"https:\/\/www.movemobility.ca\/?p=178081"},"modified":"2026-01-13T13:09:13","modified_gmt":"2026-01-13T19:09:13","slug":"wheelchair-lift-not-moving","status":"publish","type":"post","link":"https:\/\/www.movemobility.ca\/fr\/resources\/wheelchair-lift-not-moving\/","title":{"rendered":"Why Isn\u2019t My Wheelchair Lift Moving?"},"content":{"rendered":"<p><span style=\"font-weight: 400;\">When you&#8217;re responsible for a fleet of <\/span><a href=\"https:\/\/www.movemobility.ca\/fr\/ressources\/types-de-fourgonnettes-accessibles-en-fauteuil-roulant\/\" target=\"_blank\" rel=\"noopener\"><span style=\"font-weight: 400;\">fourgons accessibles aux fauteuils roulants<\/span><\/a><span style=\"font-weight: 400;\">, each day brings new challenges. However, one issue that can cause a significant disruption is when your wheelchair lift stops working. This problem directly impacts the individuals who rely on your services for mobility and independence.\u00a0<\/span><\/p>\r\n<p><span style=\"font-weight: 400;\">As a business owner or operator in the transportation or healthcare sector, you know how important it is to keep everything running smoothly. That&#8217;s where we come in.<\/span><\/p>\r\n<p><span style=\"font-weight: 400;\">Au <\/span><a href=\"http:\/\/www.movemobility.ca\/fr\/\" target=\"_blank\" rel=\"noopener\"><span style=\"font-weight: 400;\">MoveMobility<\/span><\/a><span style=\"font-weight: 400;\">, we&#8217;ve dedicated over a decade to mastering the design and production of wheelchair accessible vans and mobile medical units. With more than ten years of manufacturing experience, our expertise is more than just creating vehicles. It\u2019s also in ensuring they continuously meet the needs of the communities they\u2019re serving.\u00a0<\/span><\/p>\r\n<p><span style=\"font-weight: 400;\">In this article, you\u2019re going to learn about one of the common reasons why your wheelchair lift isn\u2019t moving, along with the solution to go with it.\u00a0<\/span><\/p>\r\n<p>&nbsp;<\/p>\r\n<h2>What problems can a stuck wheelchair lift cause?<\/h2>\r\n<p>&nbsp;<\/p>\r\n<figure id=\"attachment_129474\" aria-describedby=\"caption-attachment-129474\" style=\"width: 640px\" class=\"wp-caption alignnone\"><img fetchpriority=\"high\" decoding=\"async\" class=\"size-full wp-image-129474\" src=\"https:\/\/www.movemobility.ca\/wp-content\/uploads\/2023\/03\/Rear-Lift-Ram-Promaster-04.jpg\" alt=\"Vue arri\u00e8re d&#039;un fourgon Ram Promaster pour fauteuils roulants avec \u00e9l\u00e9vateur \u00e9lectrique.\" width=\"640\" height=\"423\" \/><figcaption id=\"caption-attachment-129474\" class=\"wp-caption-text\">Brevet en cours<\/figcaption><\/figure>\r\n<p>&nbsp;<\/p>\r\n<p><span style=\"font-weight: 400;\">Imagine this: your clients are all set for a big day; maybe they have an important doctor&#8217;s visit or a special family gathering, and suddenly, your organization\u2019s <\/span><a href=\"https:\/\/www.movemobility.ca\/fr\/ressources\/ramps-vs-lifts-wheelchair-vans\/\" target=\"_blank\" rel=\"noopener\"><span style=\"font-weight: 400;\">\u00e9l\u00e9vateur pour fauteuil roulant<\/span><\/a><span style=\"font-weight: 400;\"> just won\u2019t move.\u00a0<\/span><\/p>\r\n<p><b>Panic sets in. Frustration takes over. Why isn&#8217;t the wheelchair lift moving?<\/b><\/p>\r\n<p><span style=\"font-weight: 400;\">This is a big deal that can really mess up the day and even be dangerous for your clients.\u00a0<\/span><\/p>\r\n<p><span style=\"font-weight: 400;\">If the lift stops halfway, it might cause an accident or leave someone stuck and unable to get out. Every organization needs its wheelchair van lift to work safely because it&#8217;s not just about getting your clients from one place to another; it&#8217;s about prioritizing safety while you do it.<\/span><\/p>\r\n<p>&nbsp;<\/p>\r\n<h3>3 consequences of a stuck wheelchair van lift<\/h3>\r\n<p><span style=\"font-weight: 400;\">A stuck wheelchair lift has a few consequences that affect your organization and its clients.\u00a0<\/span><\/p>\r\n<p>&nbsp;<\/p>\r\n<h3>1. Messed-up plans<\/h3>\r\n<p><span style=\"font-weight: 400;\">For businesses like hospitals or transit companies, a broken lift means a lot more than just a minor delay. It throws off the whole day\u2019s schedule. When a lift doesn\u2019t work, it can make everything run late, hold up appointments, and mean a lot of running around to fix the problem. Time is precious, especially when you\u2019ve got a lot to do, and no one wants their plans ruined by a lift that won&#8217;t work.<\/span><\/p>\r\n<p>&nbsp;<\/p>\r\n<h3>2. Poor service delivery<\/h3>\r\n<p><span style=\"font-weight: 400;\">Businesses that help people get around, like wheelchair transportation services or care homes, need to keep their promises about providing good service. If a wheelchair lift breaks, the service can be slower and less reliable, which is bad for business.\u00a0<\/span><\/p>\r\n<p><span style=\"font-weight: 400;\">Think about someone who needs to get to an important appointment but can&#8217;t because the lift is stuck. It&#8217;s frustrating for everyone and can make customers think twice about using the service again.<\/span><\/p>\r\n<p>&nbsp;<\/p>\r\n<h3>3. Increased frustration<\/h3>\r\n<p><span style=\"font-weight: 400;\">When your organization\u2019s wheelchair lift isn\u2019t working, it can also make people feel upset or helpless. For someone who uses the lift, it reminds them of the challenges they face every day. Everyone needs to have tools that work well so they can feel confident and independent.<\/span><\/p>\r\n<p><span style=\"font-weight: 400;\">It&#8217;s really important to take good care of wheelchair lifts. Regular check-ups can help avoid problems before they start. Knowing a team ready to fix it quickly can make a big difference if something does go wrong. Staying ahead of issues and making sure lifts work right all the time helps everyone feel better and safer.<\/span><\/p>\r\n<p><span style=\"font-weight: 400;\">When you understand how tough it is when a wheelchair lift stops working, it&#8217;s easier to see why taking good care of these lifts matters so much. Keep reading to learn about one of the most common reasons why a wheelchair lift stops moving.<\/span><\/p>\r\n<div style=\"text-align: center; margin: 40px 0;\">\r\n<div style=\"margin: 60px 0; padding: 20px;\"><a style=\"display: inline-flex; justify-content: center; align-items: center; background-color: #8cc63e; color: #ffffff; font-family: 'Roboto', sans-serif; font-size: 20px; font-weight: bold; text-decoration: none; padding: 14px 30px; border-radius: 5px; line-height: 0; height: 40px; transition: background-color 0.2s ease, text-decoration 0.2s ease;\" href=\"https:\/\/7453624.fs1.hubspotusercontent-na1.net\/hubfs\/7453624\/MoveMobility\/MM%20Website%20Downloads\/Top%205%20Problems%20with%20Wheelchair%20Lifts%20Guide%20with%20Solutions%20-%20March%202024.pdf\"> Learn about the five problems with wheelchair lifts<\/a><\/div>\r\n<\/div>\r\n<h2>Why is my wheelchair lift not moving?<\/h2>\r\n<p><span style=\"font-weight: 400;\">Have you ever been in an elevator when, suddenly, it jerks to a stop? Your heart skips a beat, a brief moment of panic sets in, and you&#8217;re left wondering, &#8220;Now what?&#8221; That sudden halt is not much different from what happens when a wheelchair lift stops moving while it&#8217;s being raised or lowered.\u00a0<\/span><\/p>\r\n<p><span style=\"font-weight: 400;\">Let\u2019s dive into a common culprit behind this issue.\u00a0<\/span><\/p>\r\n<p>&nbsp;<\/p>\r\n<h3>The pressure on the inboard or outboard barriers\u00a0<\/h3>\r\n<p><span style=\"font-weight: 400;\">These barriers are critical for safety, acting like the careful eyes of a crossing guard, ensuring that nothing is too close to the edge of the lift. If anything\u2014a suitcase, a part of the wheelchair, or even a stray backpack\u2014presses against these barriers, the lift perceives a risk of something falling off or getting caught.\u00a0<\/span><\/p>\r\n<p><span style=\"font-weight: 400;\">So, it stops right then and there, much like how a cautious driver might slam on their brakes if a ball rolls into the street.<\/span><\/p>\r\n<p><b>Why does this happen?<\/b><span style=\"font-weight: 400;\"> Imagine you\u2019re lowering the lift, and a wheelchair or other object inadvertently leans against the side. The lift senses the pressure and thinks, &#8220;Wait a minute, this isn\u2019t safe,&#8221; and it stops to prevent any potential mishap. This safety feature is there to protect the user, but when it\u2019s triggered by something harmless, it can be frustrating.<\/span><\/p>\r\n<p><b>Here\u2019s what can be done about this:<\/b><span style=\"font-weight: 400;\"> First, take a quick look around. Make sure that no objects or parts of the wheelchair are inadvertently leaning on the barriers. It could be as simple as moving a bag a few inches away or adjusting the position of the wheelchair. Yes, sometimes the solution is that simple, yet it makes all the difference.<\/span><\/p>\r\n<p>&nbsp;<\/p>\r\n<p><div class=\"lazyload smush-lazyload-video smush-lazyload-vimeo\" style=\"--smush-video-aspect-ratio: 800\/450\" data-bg-image=\"url(https:\/\/i.vimeocdn.com\/video\/1924763199-40c90ae14f74e8f93d370362c397f3dcfa49790664fa4695f343088ab4483d13-d_960?region=us)\" ><iframe title=\"Lift Stops Moving\" data-src=\"https:\/\/player.vimeo.com\/video\/1007826390?h=5f39623766&amp;dnt=1&amp;app_id=122963\" width=\"800\" height=\"450\" frameborder=\"0\" allow=\"autoplay; fullscreen; picture-in-picture; clipboard-write; encrypted-media; web-share\" referrerpolicy=\"strict-origin-when-cross-origin\" src=\"data:image\/svg+xml;base64,PHN2ZyB3aWR0aD0iMSIgaGVpZ2h0PSIxIiB4bWxucz0iaHR0cDovL3d3dy53My5vcmcvMjAwMC9zdmciPjwvc3ZnPg==\"><\/iframe><span class=\"smush-play-btn\" role=\"button\" aria-label=\"Play video\">\r\n\t\t\t\t<span tabindex=\"0\" class=\"smush-play-btn-inner\">\r\n\t\t\t\t\t<span>Play<\/span>\r\n\t\t\t\t<\/span>\r\n\t\t\t<\/span><\/div><\/p>\r\n<p>&nbsp;<\/p>\r\n<p><span style=\"font-weight: 400;\">Try to educate everyone, from drivers to passengers, about how to position themselves and their belongings on the lift so that you can decrease the likelihood of unintended stops.<\/span><\/p>\r\n<p><span style=\"font-weight: 400;\">Remember, each time the lift operates without a hitch, it\u2019s a small victory and a sign that your organization is on top of its game, ensuring safety and reliability in every journey. That\u2019s what makes the difference in the services you provide and underscores your clients&#8217; trust in you.\u00a0<\/span><\/p>\r\n<p>&nbsp;<\/p>\r\n<h2>Final thoughts<\/h2>\r\n<p><span style=\"font-weight: 400;\">We know how important a working wheelchair lift is for your business and the people you help. Every time the lift breaks down, it&#8217;s a hassle that shakes your clients&#8217; trust in your services. It\u2019s really frustrating when, no matter how many quick fixes you try, the problems keep coming back.<\/span><\/p>\r\n<p><span style=\"font-weight: 400;\">When these issues happen a lot, it might be time to think about how much time and effort you\u2019re putting into short-term fixes. If you\u2019re always fixing the lift, maybe it\u2019s time to look at a better, long-lasting solution. At MoveMobility, we make top-notch wheelchair-accessible vans that use the latest wheelchair lift technology and are built to be reliable and safe.<\/span><\/p>\r\n<p><span style=\"font-weight: 400;\">Choosing to get a new van is a big decision, but it\u2019s also a way to make sure your service stays strong and dependable. Think of it as a way to keep things smooth and worry-free for both you and your clients with reliable equipment that\u2019s ready for anything.<\/span><\/p>\r\n<p>&nbsp;<\/p>\r\n<h2>Vos prochaines \u00e9tapes avec MoveMobility<\/h2>\r\n<p>&nbsp;<\/p>\r\n<p><img decoding=\"async\" class=\"alignnone size-full wp-image-165330 lazyload\" data-src=\"https:\/\/www.movemobility.ca\/wp-content\/uploads\/2024\/01\/P112026-Rear-Lift-Ford-Transit-For-Sale-7.png\" alt=\"Rear Lift Ford Transit \u00e0 vendre\" width=\"640\" height=\"427\" data-srcset=\"https:\/\/www.movemobility.ca\/wp-content\/uploads\/2024\/01\/P112026-Rear-Lift-Ford-Transit-For-Sale-7.png 640w, https:\/\/www.movemobility.ca\/wp-content\/uploads\/2024\/01\/P112026-Rear-Lift-Ford-Transit-For-Sale-7-400x267.png 400w\" data-sizes=\"auto\" src=\"data:image\/svg+xml;base64,PHN2ZyB3aWR0aD0iMSIgaGVpZ2h0PSIxIiB4bWxucz0iaHR0cDovL3d3dy53My5vcmcvMjAwMC9zdmciPjwvc3ZnPg==\" style=\"--smush-placeholder-width: 640px; --smush-placeholder-aspect-ratio: 640\/427;\" data-original-sizes=\"(max-width: 640px) 100vw, 640px\" \/><\/p>\r\n<p>&nbsp;<\/p>\r\n<p><span style=\"font-weight: 400;\">You likely landed on this article because your organization\u2019s wheelchair van lift has been causing you some trouble. We hope this information has given you some insight into one of the reasons why this happens.\u00a0<\/span><\/p>\r\n<p><span style=\"font-weight: 400;\">Our team at MoveMobility tries hard to make sure our customers have as much information as possible before making a decision, whether that be for maintenance or purchasing something new. If you have any questions about our wheelchair accessible vans or lifts, don\u2019t hesitate to click the button after this article to talk to a mobility expert.\u00a0<\/span><\/p>\r\n<p><span style=\"font-weight: 400;\">If, at this point, you\u2019re looking for information on how our wheelchair van service works, <\/span><a href=\"https:\/\/www.movemobility.ca\/fr\/ressources\/comment-faire-reparer-votre-fourgon-pour-fauteuil-roulant-canada\/\" target=\"_blank\" rel=\"noopener\"><span style=\"font-weight: 400;\">check out our article<\/span><\/a><span style=\"font-weight: 400;\"> on that to learn more.\u00a0<\/span><span style=\"font-weight: 400;\">Or, if you\u2019re growing tired of wheelchair van or lift issues and juggling around the idea of purchasing a new one, read our article on how much a <\/span><a href=\"https:\/\/www.movemobility.ca\/fr\/ressources\/combien-coute-un-fourgon-pour-fauteuils-roulants\/\" target=\"_blank\" rel=\"noopener\"><span style=\"font-weight: 400;\">wheelchair van costs<\/span><\/a><span style=\"font-weight: 400;\">, ainsi que <\/span><a href=\"https:\/\/www.movemobility.ca\/fr\/ressources\/how-much-does-it-cost-to-own-wheelchair-van-one-year\/\" target=\"_blank\" rel=\"noopener\"><span style=\"font-weight: 400;\">how much it costs for one year<\/span><\/a><span style=\"font-weight: 400;\">.<\/span><\/p>\r\n<p>\r\n\r\n<\/p>\r\n<div class=\"wp-block-buttons is-content-justification-center is-layout-flex wp-container-core-buttons-is-layout-a89b3969 wp-block-buttons-is-layout-flex\">\r\n<div class=\"wp-block-button\"><a class=\"wp-block-button__link has-white-color has-text-color has-background has-link-color wp-element-button\" style=\"border-radius: 5px; background-color: #8cc63e;\" href=\"#request-info-form\">Parler \u00e0 un expert<\/a><\/div>\r\n<\/div>\r\n<p><\/p>","protected":false},"excerpt":{"rendered":"<p>When you&#8217;re responsible for a fleet of wheelchair accessible vans, each day brings new challenges. However, one issue that can cause a significant disruption is when your wheelchair lift stops working. This problem directly impacts the individuals who rely on your services for mobility and independence.\u00a0 As a business owner or operator in the transportation [&hellip;]<\/p>\n","protected":false},"author":17,"featured_media":95625,"comment_status":"closed","ping_status":"closed","sticky":false,"template":"","format":"standard","meta":{"content-type":"","footnotes":""},"categories":[2677,2680],"tags":[18,11,14,20,1992],"type-of-project":[2947,2945],"product-family":[2941],"the-big-5":[2935],"section":[2933],"resource":[2926,2929],"class_list":["post-178081","post","type-post","status-publish","format-standard","has-post-thumbnail","hentry","category-full-size-whelechair-vans","category-service-repairs","tag-wheelchair-accessible-van","tag-wheelchair-accessible-vehicle","tag-wheelchair-lift","tag-wheelchair-lift-van","tag-wheelchair-van","type-of-project-adult-daycare-and-community-living","type-of-project-urban-handi-transit","product-family-wheelchair-van","the-big-5-problems","section-experience","resource-article","resource-guide"],"yoast_head":"<!-- This site is optimized with the Yoast SEO plugin v27.1.1 - https:\/\/yoast.com\/product\/yoast-seo-wordpress\/ -->\n<title>Why Isn\u2019t My Wheelchair Lift Moving?<\/title>\n<meta name=\"description\" content=\"Struggling with a wheelchair lift that isn\u2019t moving? Read this article to learn about one of the common reasons why this occurs and how to fix it.\" \/>\n<meta name=\"robots\" content=\"index, follow, max-snippet:-1, max-image-preview:large, max-video-preview:-1\" \/>\n<link rel=\"canonical\" href=\"https:\/\/www.movemobility.ca\/fr\/ressources\/wheelchair-lift-not-moving\/\" \/>\n<meta property=\"og:locale\" content=\"fr_CA\" \/>\n<meta property=\"og:type\" content=\"article\" \/>\n<meta property=\"og:title\" content=\"Why Isn\u2019t My Wheelchair Lift Moving?\" \/>\n<meta property=\"og:description\" content=\"Struggling with a wheelchair lift that isn\u2019t moving? Read this article to learn about one of the common reasons why this occurs and how to fix it.\" \/>\n<meta property=\"og:url\" content=\"https:\/\/www.movemobility.ca\/fr\/ressources\/wheelchair-lift-not-moving\/\" \/>\n<meta property=\"og:site_name\" content=\"MoveMobility\" \/>\n<meta property=\"article:publisher\" content=\"https:\/\/www.facebook.com\/mobilitymove\/\" \/>\n<meta property=\"article:published_time\" content=\"2024-06-10T12:00:41+00:00\" \/>\n<meta property=\"article:modified_time\" content=\"2026-01-13T19:09:13+00:00\" \/>\n<meta property=\"og:image\" content=\"https:\/\/www.movemobility.ca\/wp-content\/uploads\/2022\/04\/T6-Accessible-Van-25.jpg\" \/>\n\t<meta property=\"og:image:width\" content=\"640\" \/>\n\t<meta property=\"og:image:height\" content=\"427\" \/>\n\t<meta property=\"og:image:type\" content=\"image\/jpeg\" \/>\n<meta name=\"author\" content=\"Quinn Springett\" \/>\n<meta name=\"twitter:card\" content=\"summary_large_image\" \/>\n<meta name=\"twitter:creator\" content=\"@mobility_move\" \/>\n<meta name=\"twitter:site\" content=\"@mobility_move\" \/>\n<meta name=\"twitter:label1\" content=\"\u00c9crit par\" \/>\n\t<meta name=\"twitter:data1\" content=\"Quinn Springett\" \/>\n\t<meta name=\"twitter:label2\" content=\"Estimation du temps de lecture\" \/>\n\t<meta name=\"twitter:data2\" content=\"7 minutes\" \/>\n<script type=\"application\/ld+json\" class=\"yoast-schema-graph\">{\"@context\":\"https:\/\/schema.org\",\"@graph\":[{\"@type\":\"Article\",\"@id\":\"https:\/\/www.movemobility.ca\/resources\/wheelchair-lift-not-moving\/#article\",\"isPartOf\":{\"@id\":\"https:\/\/www.movemobility.ca\/resources\/wheelchair-lift-not-moving\/\"},\"author\":{\"name\":\"Quinn Springett\",\"@id\":\"https:\/\/movemobility.ca\/#\/schema\/person\/b112a07b7817e5defdc30faa0d9c6a49\"},\"headline\":\"Why Isn\u2019t My Wheelchair Lift Moving?\",\"datePublished\":\"2024-06-10T12:00:41+00:00\",\"dateModified\":\"2026-01-13T19:09:13+00:00\",\"mainEntityOfPage\":{\"@id\":\"https:\/\/www.movemobility.ca\/resources\/wheelchair-lift-not-moving\/\"},\"wordCount\":1371,\"publisher\":{\"@id\":\"https:\/\/movemobility.ca\/#organization\"},\"image\":{\"@id\":\"https:\/\/www.movemobility.ca\/resources\/wheelchair-lift-not-moving\/#primaryimage\"},\"thumbnailUrl\":\"https:\/\/www.movemobility.ca\/wp-content\/uploads\/2022\/04\/T6-Accessible-Van-25.jpg\",\"keywords\":[\"wheelchair accessible van\",\"wheelchair accessible vehicle\",\"wheelchair lift\",\"wheelchair lift van\",\"wheelchair van\"],\"articleSection\":[\"Full Size Wheelchair Vans\",\"Service &amp; Repairs\"],\"inLanguage\":\"fr-CA\"},{\"@type\":\"WebPage\",\"@id\":\"https:\/\/www.movemobility.ca\/resources\/wheelchair-lift-not-moving\/\",\"url\":\"https:\/\/www.movemobility.ca\/resources\/wheelchair-lift-not-moving\/\",\"name\":\"Why Isn\u2019t My Wheelchair Lift Moving?\",\"isPartOf\":{\"@id\":\"https:\/\/movemobility.ca\/#website\"},\"primaryImageOfPage\":{\"@id\":\"https:\/\/www.movemobility.ca\/resources\/wheelchair-lift-not-moving\/#primaryimage\"},\"image\":{\"@id\":\"https:\/\/www.movemobility.ca\/resources\/wheelchair-lift-not-moving\/#primaryimage\"},\"thumbnailUrl\":\"https:\/\/www.movemobility.ca\/wp-content\/uploads\/2022\/04\/T6-Accessible-Van-25.jpg\",\"datePublished\":\"2024-06-10T12:00:41+00:00\",\"dateModified\":\"2026-01-13T19:09:13+00:00\",\"description\":\"Struggling with a wheelchair lift that isn\u2019t moving? Read this article to learn about one of the common reasons why this occurs and how to fix it.\",\"breadcrumb\":{\"@id\":\"https:\/\/www.movemobility.ca\/resources\/wheelchair-lift-not-moving\/#breadcrumb\"},\"inLanguage\":\"fr-CA\",\"potentialAction\":[{\"@type\":\"ReadAction\",\"target\":[\"https:\/\/www.movemobility.ca\/resources\/wheelchair-lift-not-moving\/\"]}]},{\"@type\":\"ImageObject\",\"inLanguage\":\"fr-CA\",\"@id\":\"https:\/\/www.movemobility.ca\/resources\/wheelchair-lift-not-moving\/#primaryimage\",\"url\":\"https:\/\/www.movemobility.ca\/wp-content\/uploads\/2022\/04\/T6-Accessible-Van-25.jpg\",\"contentUrl\":\"https:\/\/www.movemobility.ca\/wp-content\/uploads\/2022\/04\/T6-Accessible-Van-25.jpg\",\"width\":640,\"height\":427,\"caption\":\"MoveMobility Ford Transit wheelchair bus conversion van with lift\"},{\"@type\":\"BreadcrumbList\",\"@id\":\"https:\/\/www.movemobility.ca\/resources\/wheelchair-lift-not-moving\/#breadcrumb\",\"itemListElement\":[{\"@type\":\"ListItem\",\"position\":1,\"name\":\"Wheelchair Accessible Vans &amp; Medical Vehicles\",\"item\":\"https:\/\/www.movemobility.ca\/\"},{\"@type\":\"ListItem\",\"position\":2,\"name\":\"Why Isn\u2019t My Wheelchair Lift Moving?\"}]},{\"@type\":\"WebSite\",\"@id\":\"https:\/\/movemobility.ca\/#website\",\"url\":\"https:\/\/movemobility.ca\/\",\"name\":\"MoveMobility\",\"description\":\"Wheelchair Accessible Vans &amp; Medical Vehicles\",\"publisher\":{\"@id\":\"https:\/\/movemobility.ca\/#organization\"},\"potentialAction\":[{\"@type\":\"SearchAction\",\"target\":{\"@type\":\"EntryPoint\",\"urlTemplate\":\"https:\/\/movemobility.ca\/?s={search_term_string}\"},\"query-input\":{\"@type\":\"PropertyValueSpecification\",\"valueRequired\":true,\"valueName\":\"search_term_string\"}}],\"inLanguage\":\"fr-CA\"},{\"@type\":\"Organization\",\"@id\":\"https:\/\/movemobility.ca\/#organization\",\"name\":\"MoveMobility\",\"url\":\"https:\/\/movemobility.ca\/\",\"logo\":{\"@type\":\"ImageObject\",\"inLanguage\":\"fr-CA\",\"@id\":\"https:\/\/movemobility.ca\/#\/schema\/logo\/image\/\",\"url\":\"https:\/\/www.movemobility.ca\/wp-content\/uploads\/2021\/06\/MM_logo_Stacked-LG.png\",\"contentUrl\":\"https:\/\/www.movemobility.ca\/wp-content\/uploads\/2021\/06\/MM_logo_Stacked-LG.png\",\"width\":444,\"height\":114,\"caption\":\"MoveMobility\"},\"image\":{\"@id\":\"https:\/\/movemobility.ca\/#\/schema\/logo\/image\/\"},\"sameAs\":[\"https:\/\/www.facebook.com\/mobilitymove\/\",\"https:\/\/x.com\/mobility_move\",\"https:\/\/www.linkedin.com\/company\/3961770\/\",\"https:\/\/www.youtube.com\/channel\/UCiW-UIxjD6wjjX-7KS4z22g\/\"]},{\"@type\":\"Person\",\"@id\":\"https:\/\/movemobility.ca\/#\/schema\/person\/b112a07b7817e5defdc30faa0d9c6a49\",\"name\":\"Quinn Springett\",\"image\":{\"@type\":\"ImageObject\",\"inLanguage\":\"fr-CA\",\"@id\":\"https:\/\/movemobility.ca\/#\/schema\/person\/image\/\",\"url\":\"https:\/\/www.movemobility.ca\/wp-content\/wphb-cache\/gravatar\/965\/965413787c312966d9102a4b2aa60781x96.jpg\",\"contentUrl\":\"https:\/\/www.movemobility.ca\/wp-content\/wphb-cache\/gravatar\/965\/965413787c312966d9102a4b2aa60781x96.jpg\",\"caption\":\"Quinn Springett\"},\"sameAs\":[\"http:\/\/www.movemobility.ca\"]}]}<\/script>\n<!-- \/ Yoast SEO plugin. -->","yoast_head_json":{"title":"Why Isn\u2019t My Wheelchair Lift Moving?","description":"Struggling with a wheelchair lift that isn\u2019t moving? Read this article to learn about one of the common reasons why this occurs and how to fix it.","robots":{"index":"index","follow":"follow","max-snippet":"max-snippet:-1","max-image-preview":"max-image-preview:large","max-video-preview":"max-video-preview:-1"},"canonical":"https:\/\/www.movemobility.ca\/fr\/ressources\/wheelchair-lift-not-moving\/","og_locale":"fr_CA","og_type":"article","og_title":"Why Isn\u2019t My Wheelchair Lift Moving?","og_description":"Struggling with a wheelchair lift that isn\u2019t moving? Read this article to learn about one of the common reasons why this occurs and how to fix it.","og_url":"https:\/\/www.movemobility.ca\/fr\/ressources\/wheelchair-lift-not-moving\/","og_site_name":"MoveMobility","article_publisher":"https:\/\/www.facebook.com\/mobilitymove\/","article_published_time":"2024-06-10T12:00:41+00:00","article_modified_time":"2026-01-13T19:09:13+00:00","og_image":[{"width":640,"height":427,"url":"https:\/\/www.movemobility.ca\/wp-content\/uploads\/2022\/04\/T6-Accessible-Van-25.jpg","type":"image\/jpeg"}],"author":"Quinn Springett","twitter_card":"summary_large_image","twitter_creator":"@mobility_move","twitter_site":"@mobility_move","twitter_misc":{"\u00c9crit par":"Quinn Springett","Estimation du temps de lecture":"7 minutes"},"schema":{"@context":"https:\/\/schema.org","@graph":[{"@type":"Article","@id":"https:\/\/www.movemobility.ca\/resources\/wheelchair-lift-not-moving\/#article","isPartOf":{"@id":"https:\/\/www.movemobility.ca\/resources\/wheelchair-lift-not-moving\/"},"author":{"name":"Quinn Springett","@id":"https:\/\/movemobility.ca\/#\/schema\/person\/b112a07b7817e5defdc30faa0d9c6a49"},"headline":"Why Isn\u2019t My Wheelchair Lift Moving?","datePublished":"2024-06-10T12:00:41+00:00","dateModified":"2026-01-13T19:09:13+00:00","mainEntityOfPage":{"@id":"https:\/\/www.movemobility.ca\/resources\/wheelchair-lift-not-moving\/"},"wordCount":1371,"publisher":{"@id":"https:\/\/movemobility.ca\/#organization"},"image":{"@id":"https:\/\/www.movemobility.ca\/resources\/wheelchair-lift-not-moving\/#primaryimage"},"thumbnailUrl":"https:\/\/www.movemobility.ca\/wp-content\/uploads\/2022\/04\/T6-Accessible-Van-25.jpg","keywords":["wheelchair accessible van","wheelchair accessible vehicle","wheelchair lift","wheelchair lift van","wheelchair van"],"articleSection":["Full Size Wheelchair Vans","Service &amp; Repairs"],"inLanguage":"fr-CA"},{"@type":"WebPage","@id":"https:\/\/www.movemobility.ca\/resources\/wheelchair-lift-not-moving\/","url":"https:\/\/www.movemobility.ca\/resources\/wheelchair-lift-not-moving\/","name":"Why Isn\u2019t My Wheelchair Lift Moving?","isPartOf":{"@id":"https:\/\/movemobility.ca\/#website"},"primaryImageOfPage":{"@id":"https:\/\/www.movemobility.ca\/resources\/wheelchair-lift-not-moving\/#primaryimage"},"image":{"@id":"https:\/\/www.movemobility.ca\/resources\/wheelchair-lift-not-moving\/#primaryimage"},"thumbnailUrl":"https:\/\/www.movemobility.ca\/wp-content\/uploads\/2022\/04\/T6-Accessible-Van-25.jpg","datePublished":"2024-06-10T12:00:41+00:00","dateModified":"2026-01-13T19:09:13+00:00","description":"Struggling with a wheelchair lift that isn\u2019t moving? Read this article to learn about one of the common reasons why this occurs and how to fix it.","breadcrumb":{"@id":"https:\/\/www.movemobility.ca\/resources\/wheelchair-lift-not-moving\/#breadcrumb"},"inLanguage":"fr-CA","potentialAction":[{"@type":"ReadAction","target":["https:\/\/www.movemobility.ca\/resources\/wheelchair-lift-not-moving\/"]}]},{"@type":"ImageObject","inLanguage":"fr-CA","@id":"https:\/\/www.movemobility.ca\/resources\/wheelchair-lift-not-moving\/#primaryimage","url":"https:\/\/www.movemobility.ca\/wp-content\/uploads\/2022\/04\/T6-Accessible-Van-25.jpg","contentUrl":"https:\/\/www.movemobility.ca\/wp-content\/uploads\/2022\/04\/T6-Accessible-Van-25.jpg","width":640,"height":427,"caption":"MoveMobility Ford Transit wheelchair bus conversion van with lift"},{"@type":"BreadcrumbList","@id":"https:\/\/www.movemobility.ca\/resources\/wheelchair-lift-not-moving\/#breadcrumb","itemListElement":[{"@type":"ListItem","position":1,"name":"Wheelchair Accessible Vans &amp; Medical Vehicles","item":"https:\/\/www.movemobility.ca\/"},{"@type":"ListItem","position":2,"name":"Why Isn\u2019t My Wheelchair Lift Moving?"}]},{"@type":"WebSite","@id":"https:\/\/movemobility.ca\/#website","url":"https:\/\/movemobility.ca\/","name":"MoveMobility","description":"Fourgons et v\u00e9hicules m\u00e9dicaux accessibles aux fauteuils roulants","publisher":{"@id":"https:\/\/movemobility.ca\/#organization"},"potentialAction":[{"@type":"SearchAction","target":{"@type":"EntryPoint","urlTemplate":"https:\/\/movemobility.ca\/?s={search_term_string}"},"query-input":{"@type":"PropertyValueSpecification","valueRequired":true,"valueName":"search_term_string"}}],"inLanguage":"fr-CA"},{"@type":"Organization","@id":"https:\/\/movemobility.ca\/#organization","name":"MoveMobility","url":"https:\/\/movemobility.ca\/","logo":{"@type":"ImageObject","inLanguage":"fr-CA","@id":"https:\/\/movemobility.ca\/#\/schema\/logo\/image\/","url":"https:\/\/www.movemobility.ca\/wp-content\/uploads\/2021\/06\/MM_logo_Stacked-LG.png","contentUrl":"https:\/\/www.movemobility.ca\/wp-content\/uploads\/2021\/06\/MM_logo_Stacked-LG.png","width":444,"height":114,"caption":"MoveMobility"},"image":{"@id":"https:\/\/movemobility.ca\/#\/schema\/logo\/image\/"},"sameAs":["https:\/\/www.facebook.com\/mobilitymove\/","https:\/\/x.com\/mobility_move","https:\/\/www.linkedin.com\/company\/3961770\/","https:\/\/www.youtube.com\/channel\/UCiW-UIxjD6wjjX-7KS4z22g\/"]},{"@type":"Person","@id":"https:\/\/movemobility.ca\/#\/schema\/person\/b112a07b7817e5defdc30faa0d9c6a49","name":"Quinn Springett","image":{"@type":"ImageObject","inLanguage":"fr-CA","@id":"https:\/\/movemobility.ca\/#\/schema\/person\/image\/","url":"https:\/\/www.movemobility.ca\/wp-content\/wphb-cache\/gravatar\/965\/965413787c312966d9102a4b2aa60781x96.jpg","contentUrl":"https:\/\/www.movemobility.ca\/wp-content\/wphb-cache\/gravatar\/965\/965413787c312966d9102a4b2aa60781x96.jpg","caption":"Quinn Springett"},"sameAs":["http:\/\/www.movemobility.ca"]}]}},"_links":{"self":[{"href":"https:\/\/www.movemobility.ca\/fr\/wp-json\/wp\/v2\/posts\/178081","targetHints":{"allow":["GET"]}}],"collection":[{"href":"https:\/\/www.movemobility.ca\/fr\/wp-json\/wp\/v2\/posts"}],"about":[{"href":"https:\/\/www.movemobility.ca\/fr\/wp-json\/wp\/v2\/types\/post"}],"author":[{"embeddable":true,"href":"https:\/\/www.movemobility.ca\/fr\/wp-json\/wp\/v2\/users\/17"}],"replies":[{"embeddable":true,"href":"https:\/\/www.movemobility.ca\/fr\/wp-json\/wp\/v2\/comments?post=178081"}],"version-history":[{"count":0,"href":"https:\/\/www.movemobility.ca\/fr\/wp-json\/wp\/v2\/posts\/178081\/revisions"}],"wp:featuredmedia":[{"embeddable":true,"href":"https:\/\/www.movemobility.ca\/fr\/wp-json\/wp\/v2\/media\/95625"}],"wp:attachment":[{"href":"https:\/\/www.movemobility.ca\/fr\/wp-json\/wp\/v2\/media?parent=178081"}],"wp:term":[{"taxonomy":"category","embeddable":true,"href":"https:\/\/www.movemobility.ca\/fr\/wp-json\/wp\/v2\/categories?post=178081"},{"taxonomy":"post_tag","embeddable":true,"href":"https:\/\/www.movemobility.ca\/fr\/wp-json\/wp\/v2\/tags?post=178081"},{"taxonomy":"type-of-project","embeddable":true,"href":"https:\/\/www.movemobility.ca\/fr\/wp-json\/wp\/v2\/type-of-project?post=178081"},{"taxonomy":"product-family","embeddable":true,"href":"https:\/\/www.movemobility.ca\/fr\/wp-json\/wp\/v2\/product-family?post=178081"},{"taxonomy":"the-big-5","embeddable":true,"href":"https:\/\/www.movemobility.ca\/fr\/wp-json\/wp\/v2\/the-big-5?post=178081"},{"taxonomy":"section","embeddable":true,"href":"https:\/\/www.movemobility.ca\/fr\/wp-json\/wp\/v2\/section?post=178081"},{"taxonomy":"resource","embeddable":true,"href":"https:\/\/www.movemobility.ca\/fr\/wp-json\/wp\/v2\/resource?post=178081"}],"curies":[{"name":"wp","href":"https:\/\/api.w.org\/{rel}","templated":true}]}}