{"id":150184,"date":"2023-11-10T07:00:22","date_gmt":"2023-11-10T13:00:22","guid":{"rendered":"https:\/\/www.movemobility.ca\/?p=150184"},"modified":"2025-01-17T09:19:31","modified_gmt":"2025-01-17T15:19:31","slug":"evacuating-first-nations-communities","status":"publish","type":"post","link":"https:\/\/www.movemobility.ca\/fr\/resources\/evacuating-first-nations-communities\/","title":{"rendered":"2 Solutions pour l'\u00e9vacuation des communaut\u00e9s des Premi\u00e8res nations en cas d'urgence"},"content":{"rendered":"<p><span style=\"font-weight: 400;\">According to Indigenous Services Canada, in the last 13 years, First Nations communities had <\/span><a href=\"https:\/\/www.oag-bvg.gc.ca\/internet\/English\/parl_oag_202211_08_e_44154.html\"><span style=\"font-weight: 400;\">1,300 emergencies<\/span><\/a><span style=\"font-weight: 400;\">. These led to 580 evacuations, affecting over 130,000 people. Some folks had to be evacuated more than once for different emergencies. First Nations communities face higher vulnerability to emergencies and evacuations.\u00a0<\/span><\/p>\r\n<p><span style=\"font-weight: 400;\">Some of the factors that cause this are:<\/span><\/p>\r\n<ul>\r\n<li style=\"font-weight: 400;\" aria-level=\"1\"><span style=\"font-weight: 400;\">Their remote locations<\/span><\/li>\r\n<li style=\"font-weight: 400;\" aria-level=\"1\"><span style=\"font-weight: 400;\">Economic situations<\/span><\/li>\r\n<li style=\"font-weight: 400;\" aria-level=\"1\"><span style=\"font-weight: 400;\">Floods and wildfires are much more common near First Nations communities<\/span><\/li>\r\n<\/ul>\r\n<p>&nbsp;<\/p>\r\n<p><span style=\"font-weight: 400;\">In an emergency evacuation, no one should be left out. Our team at MoveMobility manufactures <a href=\"https:\/\/www.movemobility.ca\/fr\/\">fourgons accessibles aux fauteuils roulants<\/a> et <a href=\"https:\/\/www.movemobility.ca\/fr\/camionnettes-medicales-mobiles\/\">v\u00e9hicules m\u00e9dicaux mobiles<\/a> to address barriers that could prevent people from evacuating easily, such as mobility issues. Our innovative and customizable vehicles can be tailored to your organization\u2019s needs to suit your purposes.<\/span><\/p>\r\n<p><span style=\"font-weight: 400;\">By the end of reading this article, you\u2019ll have a clearer idea of the 2 solutions for evacuating First Nations communities.\u00a0<\/span><\/p>\r\n<p>&nbsp;<\/p>\r\n<h2>What type of emergencies do First Nations communities face?<\/h2>\r\n<p><span style=\"font-weight: 400;\">There are a variety of situations that would cause First Nations communities to evacuate. Take a closer look at the table below for examples.<\/span><\/p>\r\n<p>&nbsp;<\/p>\r\n<table>\r\n<tbody>\r\n<tr>\r\n<td><b>Situation<\/b><\/td>\r\n<td><b>Reasons for evacuation<\/b><\/td>\r\n<\/tr>\r\n<tr>\r\n<td><span style=\"font-weight: 400;\">Wildfires<\/span><\/td>\r\n<td><span style=\"font-weight: 400;\">Immediate threat from wildfires and smoke.<\/span><\/td>\r\n<\/tr>\r\n<tr>\r\n<td><span style=\"font-weight: 400;\">Flooding<\/span><\/td>\r\n<td><span style=\"font-weight: 400;\">Severe flooding that endangers lives and property.<\/span><\/td>\r\n<\/tr>\r\n<tr>\r\n<td><span style=\"font-weight: 400;\">Ice jams<\/span><\/td>\r\n<td><span style=\"font-weight: 400;\">Flooding caused by ice jams in rivers and waterways.<\/span><\/td>\r\n<\/tr>\r\n<tr>\r\n<td><span style=\"font-weight: 400;\">Winter storms<\/span><\/td>\r\n<td><span style=\"font-weight: 400;\">Extreme winter weather, such as blizzards or ice storms.<\/span><\/td>\r\n<\/tr>\r\n<tr>\r\n<td><span style=\"font-weight: 400;\">Health emergencies<\/span><\/td>\r\n<td><span style=\"font-weight: 400;\">Disease outbreaks or public health crises.<\/span><\/td>\r\n<\/tr>\r\n<tr>\r\n<td><span style=\"font-weight: 400;\">Environmental hazards<\/span><\/td>\r\n<td><span style=\"font-weight: 400;\">Landslides, avalanches, or hazardous material spills.<\/span><\/td>\r\n<\/tr>\r\n<tr>\r\n<td><span style=\"font-weight: 400;\">Infrastructure failures<\/span><\/td>\r\n<td><span style=\"font-weight: 400;\">Risk of critical infrastructure failure.<\/span><\/td>\r\n<\/tr>\r\n<tr>\r\n<td><span style=\"font-weight: 400;\">Water quality issues<\/span><\/td>\r\n<td><span style=\"font-weight: 400;\">Contamination of drinking water sources.<\/span><\/td>\r\n<\/tr>\r\n<tr>\r\n<td><span style=\"font-weight: 400;\">Extreme cold<\/span><\/td>\r\n<td><span style=\"font-weight: 400;\">Prolonged periods of extreme cold, heating system failures.<\/span><\/td>\r\n<\/tr>\r\n<tr>\r\n<td><span style=\"font-weight: 400;\">Search and rescue<\/span><\/td>\r\n<td><span style=\"font-weight: 400;\">Evacuations related to search and rescue operations.<\/span><\/td>\r\n<\/tr>\r\n<\/tbody>\r\n<\/table>\r\n<p>&nbsp;<\/p>\r\n<h2><span style=\"font-weight: 400;\"><strong>What can make evacuation difficult?<\/strong><\/span><\/h2>\r\n<p><span style=\"font-weight: 400;\">When a First Nations community needs to evacuate during emergencies, it&#8217;s a tough situation for everyone. But for people with mobility issues or disabilities, it can be even harder. In the case of evacuating a First Nations community in Canada, these folks encounter unique problems that we need to think about to make sure they&#8217;re safe during evacuations.<\/span><\/p>\r\n<p><span style=\"font-weight: 400;\">Let\u2019s explore some of the factors that make evacuation difficult.<\/span><\/p>\r\n<p><b>Localisation : <\/b><span style=\"font-weight: 400;\">Many times communities are in places that are challenging to reach. This makes it tough for people with mobility issues to get to the evacuation spots or find transportation that suits their needs.<\/span><\/p>\r\n<p><b>Accessible vehicles:<\/b><span style=\"font-weight: 400;\"> In some First Nations communities, there aren\u2019t enough vehicles that are accessible for people in wheelchairs or with other mobility challenges. This can make it hard for them to get around.<\/span><\/p>\r\n<p><b>Trouble with communication:<\/b><span style=\"font-weight: 400;\"> During evacuations, it&#8217;s important that everyone gets the right information on time. But people who can&#8217;t hear well have a tough time getting the information they need to make the right decisions.<\/span><\/p>\r\n<p><b>Mat\u00e9riel m\u00e9dical :<\/b><span style=\"font-weight: 400;\"> Some folks need special medical equipment like oxygen tanks. When they evacuate, they need to bring this equipment along, and there needs to be power to keep it working.<\/span><\/p>\r\n<p><b>Shelters should be accessible:<\/b><span style=\"font-weight: 400;\"> The shelters where people go during evacuations should be easy to get into for those with mobility issues. This means having ramps for wheelchairs, bathrooms that work for everyone, and enough space for special equipment.<\/span><\/p>\r\n<p><b>Lack of support: <\/b><span style=\"font-weight: 400;\">During evacuation, people with mobility issues or disabilities need help from family, caregivers, or healthcare workers.\u00a0 But sometimes, during evacuations, there\u2019s a chance they may not have these helpers around or will get separated from them.<\/span><\/p>\r\n<p>&nbsp;<\/p>\r\n<h2>2 solutions to evacuate people from emergencies in First Nations communities<\/h2>\r\n<p><span style=\"font-weight: 400;\">Fortunately, there are 2 solutions to help people in First Nations communities evacuate from emergencies. In this section, you\u2019ll learn about how your organization can use our <\/span><a href=\"https:\/\/www.movemobility.ca\/fr\/fourgons-ram-promaster-accessibles-aux-fauteuils-roulants\/la-serie-p\/ram-promaster-p4\/\"><span style=\"font-weight: 400;\">P4 wheelchair accessible van<\/span><\/a><span style=\"font-weight: 400;\"> to do that. You\u2019ll also learn about how our <\/span><a href=\"https:\/\/www.movemobility.ca\/fr\/camionnettes-medicales-mobiles\/fourgon-medical-mobile-de-non-urgence\/\"><span style=\"font-weight: 400;\">Mobile Response<\/span><\/a><span style=\"font-weight: 400;\"> can help in these dire situations.<\/span><\/p>\r\n<p>&nbsp;<\/p>\r\n<h3>P4 wheelchair van<\/h3>\r\n<figure id=\"attachment_114774\" aria-describedby=\"caption-attachment-114774\" style=\"width: 640px\" class=\"wp-caption alignnone\"><img fetchpriority=\"high\" decoding=\"async\" class=\"wp-image-114774 size-full\" src=\"https:\/\/www.movemobility.ca\/wp-content\/uploads\/2022\/08\/IMG_0007.jpg\" alt=\"P5 fourgon \u00e0 entr\u00e9e lat\u00e9rale pour fauteuils roulants promaster\" width=\"640\" height=\"427\" srcset=\"https:\/\/www.movemobility.ca\/wp-content\/uploads\/2022\/08\/IMG_0007.jpg 640w, https:\/\/www.movemobility.ca\/wp-content\/uploads\/2022\/08\/IMG_0007-400x267.jpg 400w\" sizes=\"(max-width: 640px) 100vw, 640px\" \/><figcaption id=\"caption-attachment-114774\" class=\"wp-caption-text\">P5 Fourgon \u00e0 acc\u00e8s lat\u00e9ral pour fauteuils roulants Promaster<\/figcaption><\/figure>\r\n<p>&nbsp;<\/p>\r\n<p><span style=\"font-weight: 400;\">The P4 wheelchair van is based on the Ram Promaster 159\u201d Wheelbase High Roof model. It&#8217;s a great solution for ensuring the safe evacuation of people with disabilities or mobility issues in First Nations communities during emergencies. Here&#8217;s how it can make a difference:<\/span><\/p>\r\n<p><b>Versatile seating: <\/b><span style=\"font-weight: 400;\">The P4 can be configured for up to 10 ambulatory passengers, 3 wheelchairs, or a combination of both. This flexibility allows for efficient and customized transport. It accommodates various mobility needs during evacuations.<\/span><\/p>\r\n<p><b>Accessibilit\u00e9 : <\/b><span style=\"font-weight: 400;\">The P4 has both side entry and rear entry ramp access. This makes sure that individuals with mobility challenges can easily board the vehicle. Its unobstructed doorway and barrier-free entry eliminate potential obstacles during evacuation.<\/span><\/p>\r\n<p><b>Safe and quick loading: <\/b><span style=\"font-weight: 400;\">The heavy-duty, transit-grade ramp provides smooth and straightforward loading and unloading for wheelchair users. This feature is crucial during emergency situations, where time is of the essence.<\/span><\/p>\r\n<p><b>Reliable restraint system:<\/b><span style=\"font-weight: 400;\"> The P4 includes a 4-point wheelchair restraint kit per occupant. It&#8217;s also equipped with a self-tensioning system. This ensures the safety and security of wheelchair occupants during transit, even in challenging conditions.<\/span><\/p>\r\n<p><b>Easy maneuverability: <\/b><span style=\"font-weight: 400;\">The small footprint of the P4 makes it suitable for navigating city streets. This is crucial when evacuating from urban First Nations communities.<\/span><\/p>\r\n<p><span style=\"font-weight: 400;\"><strong>In an emergency, the P4 wheelchair van&#8217;s accessibility, seating versatility, and safety features provide a vital means of transportation.<\/strong> It ensures that people with disabilities or mobility issues can evacuate swiftly and securely.<\/span><\/p>\r\n<p><span style=\"font-weight: 400;\">If emergency evacuation involves people who are slightly injured and require a stretcher or other first aid care, then the Mobile Response Van is the right solution.<\/span><\/p>\r\n<p>&nbsp;<\/p>\r\n<h3>Fourgon d'intervention mobile<\/h3>\r\n<figure id=\"attachment_135073\" aria-describedby=\"caption-attachment-135073\" style=\"width: 640px\" class=\"wp-caption alignnone\"><img decoding=\"async\" class=\"wp-image-135073 size-full lazyload\" data-src=\"https:\/\/www.movemobility.ca\/wp-content\/uploads\/2023\/04\/IMG_1332-1.jpg\" alt=\"Fourgon d&#039;intervention mobile Ram Promaster\" width=\"640\" height=\"427\" data-srcset=\"https:\/\/www.movemobility.ca\/wp-content\/uploads\/2023\/04\/IMG_1332-1.jpg 640w, https:\/\/www.movemobility.ca\/wp-content\/uploads\/2023\/04\/IMG_1332-1-400x267.jpg 400w\" data-sizes=\"auto\" src=\"data:image\/svg+xml;base64,PHN2ZyB3aWR0aD0iMSIgaGVpZ2h0PSIxIiB4bWxucz0iaHR0cDovL3d3dy53My5vcmcvMjAwMC9zdmciPjwvc3ZnPg==\" style=\"--smush-placeholder-width: 640px; --smush-placeholder-aspect-ratio: 640\/427;\" data-original-sizes=\"(max-width: 640px) 100vw, 640px\" \/><figcaption id=\"caption-attachment-135073\" class=\"wp-caption-text\">Fourgon d'intervention mobile Ram Promaster - Brevet en cours<\/figcaption><\/figure>\r\n<p>&nbsp;<\/p>\r\n<p><span style=\"font-weight: 400;\">Emergencies are challenging in First Nations communities. That&#8217;s where the Mobile Response Van from MoveMobility comes in, offering specific features to help during emergency evacuations.<\/span><\/p>\r\n<p><b>Easy medical care and transportation: <\/b><span style=\"font-weight: 400;\">This van is a bit like an ambulance, but it&#8217;s simpler and designed for non-urgent medical needs and transportation. It has a space where medical help can be given, which is super useful during emergency evacuations, especially if people are injured.<\/span><\/p>\r\n<p><span style=\"font-weight: 400;\">Keep in mind that it&#8217;s not an ambulance for very unstable patients who require critical care. It doesn&#8217;t have all the special equipment for that, such as life support devices. But when folks are stable and need to get to a hospital, it&#8217;s perfect.<\/span><\/p>\r\n<p><span style=\"font-weight: 400;\">The Mobile Response Van can also be turned into a mobile clinic. This is great because it means people can get quick medical help without going to a crowded hospital.<\/span><\/p>\r\n<p><b>Custom storage: <\/b><span style=\"font-weight: 400;\">There&#8217;s ample storage for medical supplies. With the sliding doors, you have fast access to everything you need in emergencies. It\u2019s also easy to keep clean.<\/span><\/p>\r\n<p><span style=\"font-weight: 400;\">There are medical storage areas where you can store equipment like spine boards, oxygen bottles, first responder kit bags, first aid kits, AEDs and defibrillators, and medical gloves.<\/span><\/p>\r\n<p><b>Stretchers and seats:<\/b><span style=\"font-weight: 400;\"> If someone in an emergency needs a stretcher, the Mobile Response Van can be set up with that layout. Plus, you can move the seats around as needed because of <\/span><a href=\"https:\/\/www.movemobility.ca\/fr\/ressources\/what-is-autofloor\/\"><span style=\"font-weight: 400;\">AutoFloor<\/span><\/a><span style=\"font-weight: 400;\">.<\/span><\/p>\r\n<p><b>Clean and bright: <\/b><span style=\"font-weight: 400;\">The van is organized and clean. It has bright lighting to make patients feel comfortable and safe in emergencies.\u00a0<\/span><\/p>\r\n<p><b>Power and ventilation: <\/b><span style=\"font-weight: 400;\">The Mobile Response Van has power outlets and good air circulation. It keeps the right temperature inside, which is important, especially in Canada\u2019s changing climate conditions. People with oxygen machines don\u2019t need to worry about having no access to power because of the 4 120V power outlets.<\/span><\/p>\r\n<p><span style=\"font-weight: 400;\">In a nutshell,<strong> the Mobile Response Van is a helpful tool for First Nations communities during emergencies.<\/strong> It can be adjusted to fit different needs and provides a safe space for medical care and transportation when it&#8217;s needed most.<\/span><\/p>\r\n<p>&nbsp;<\/p>\r\n<h2>Your next chapter with MoveMobility<\/h2>\r\n<p><span style=\"font-weight: 400;\">Indigenous Services Canada has spent around <\/span><a href=\"https:\/\/www.oag-bvg.gc.ca\/internet\/English\/parl_oag_202211_08_e_44154.html\"><span style=\"font-weight: 400;\">$828 million on emergency management support<\/span><\/a><span style=\"font-weight: 400;\"> in the last 4 fiscal years for First Nations communities.\u00a0<\/span><\/p>\r\n<p><span style=\"font-weight: 400;\">People in First Nations communities face a need for proper evacuation support during emergencies. Now that you\u2019re aware of the 2 solutions for addressing these needs, you might be wondering what to do next.\u00a0<\/span><\/p>\r\n<p><span style=\"font-weight: 400;\">At MoveMobility, we don\u2019t like seeing barriers getting in the way of proper healthcare and transportation. If you think your organization can make use of our innovative solutions to addressing emergency evacuation support in First Nations communities, <\/span><a href=\"https:\/\/docs.google.com\/document\/d\/1tb4BLPGt9DNYT0DV4kipx9fKkF9rI4ZwJFV-IUrv1gg\/edit#request-info-form\"><span style=\"font-weight: 400;\">parler \u00e0 un expert MoveMobility<\/span><\/a><span style=\"font-weight: 400;\"> aujourd'hui.\u00a0<\/span><\/p>\r\n<p><span style=\"font-weight: 400;\">If you\u2019re unsure whether your organization\u2019s budget can support a wheelchair van or Mobile Response Van, read these articles:<\/span><\/p>\r\n<ul>\r\n<li style=\"font-weight: 400;\" aria-level=\"1\"><a href=\"https:\/\/www.movemobility.ca\/fr\/ressources\/how-much-does-a-mobile-medical-van-cost\/\"><span style=\"font-weight: 400;\">How much does a mobile medical van cost in 2023?<\/span><\/a><\/li>\r\n<li style=\"font-weight: 400;\" aria-level=\"1\"><a href=\"https:\/\/www.movemobility.ca\/fr\/ressources\/cost-of-wheelchair-accessible-van\/\"><span style=\"font-weight: 400;\">Quel est le co\u00fbt d'une camionnette accessible aux fauteuils roulants ?<\/span><\/a><\/li>\r\n<\/ul>\r\n<p>&nbsp;<\/p>\r\n\r\n<p>&nbsp;<\/p>\r\n\r\n\r\n\r\n<div class=\"wp-block-buttons is-content-justification-center is-layout-flex wp-container-core-buttons-is-layout-a89b3969 wp-block-buttons-is-layout-flex\">\r\n<div class=\"wp-block-button\"><a class=\"wp-block-button__link has-white-color has-text-color has-background wp-element-button\" style=\"border-radius: 5px; background-color: #8cc63e;\" href=\"#request-info-form\">Parler \u00e0 un expert<\/a><\/div>\r\n<\/div>","protected":false},"excerpt":{"rendered":"<p>According to Indigenous Services Canada, in the last 13 years, First Nations communities had 1,300 emergencies. These led to 580 evacuations, affecting over 130,000 people. Some folks had to be evacuated more than once for different emergencies. First Nations communities face higher vulnerability to emergencies and evacuations.\u00a0 Some of the factors that cause this are: [&hellip;]<\/p>\n","protected":false},"author":17,"featured_media":128884,"comment_status":"closed","ping_status":"closed","sticky":false,"template":"","format":"standard","meta":{"content-type":"","footnotes":""},"categories":[2777],"tags":[2792,2584,18,19,11,1992,22],"type-of-project":[2970,2946,2945],"product-family":[2942,2941],"the-big-5":[2935],"section":[2944],"resource":[2926],"class_list":["post-150184","post","type-post","status-publish","format-standard","has-post-thumbnail","hentry","category-p4","tag-mobile-response-van","tag-movemobility-p4","tag-wheelchair-accessible-van","tag-wheelchair-accessible-vans","tag-wheelchair-accessible-vehicle","tag-wheelchair-van","tag-wheelchair-vans","type-of-project-first-nations-indigenous-communities","type-of-project-mobile-health-and-outreach-services","type-of-project-urban-handi-transit","product-family-medical-van","product-family-wheelchair-van","the-big-5-problems","section-know-more","resource-article"],"yoast_head":"<!-- This site is optimized with the Yoast SEO plugin v27.1.1 - https:\/\/yoast.com\/product\/yoast-seo-wordpress\/ -->\n<title>2 Solutions for Evacuating First Nations Communities in Emergencies<\/title>\n<meta name=\"description\" content=\"Is your organization looking to make it safer for First Nations communities to evacuate in case of emergencies? Find out how to do that in this article.\" \/>\n<meta name=\"robots\" content=\"index, follow, max-snippet:-1, max-image-preview:large, max-video-preview:-1\" \/>\n<link rel=\"canonical\" href=\"https:\/\/movemobility.ca\/resources\/evacuating-first-nations-communities\/\" \/>\n<meta property=\"og:locale\" content=\"fr_CA\" \/>\n<meta property=\"og:type\" content=\"article\" \/>\n<meta property=\"og:title\" content=\"2 Solutions for Evacuating First Nations Communities in Emergencies\" \/>\n<meta property=\"og:description\" content=\"Is your organization looking to make it safer for First Nations communities to evacuate in case of emergencies? Find out how to do that in this article.\" \/>\n<meta property=\"og:url\" content=\"https:\/\/movemobility.ca\/resources\/evacuating-first-nations-communities\/\" \/>\n<meta property=\"og:site_name\" content=\"MoveMobility\" \/>\n<meta property=\"article:publisher\" content=\"https:\/\/www.facebook.com\/mobilitymove\/\" \/>\n<meta property=\"article:published_time\" content=\"2023-11-10T13:00:22+00:00\" \/>\n<meta property=\"article:modified_time\" content=\"2025-01-17T15:19:31+00:00\" \/>\n<meta property=\"og:image\" content=\"https:\/\/movemobility.ca\/wp-content\/uploads\/2023\/02\/P4-Side-Entry-Accessible-Van-1.jpg\" \/>\n\t<meta property=\"og:image:width\" content=\"640\" \/>\n\t<meta property=\"og:image:height\" content=\"427\" \/>\n\t<meta property=\"og:image:type\" content=\"image\/jpeg\" \/>\n<meta name=\"author\" content=\"Quinn Springett\" \/>\n<meta name=\"twitter:card\" content=\"summary_large_image\" \/>\n<meta name=\"twitter:creator\" content=\"@mobility_move\" \/>\n<meta name=\"twitter:site\" content=\"@mobility_move\" \/>\n<meta name=\"twitter:label1\" content=\"\u00c9crit par\" \/>\n\t<meta name=\"twitter:data1\" content=\"Quinn Springett\" \/>\n\t<meta name=\"twitter:label2\" content=\"Estimation du temps de lecture\" \/>\n\t<meta name=\"twitter:data2\" content=\"7 minutes\" \/>\n<script type=\"application\/ld+json\" class=\"yoast-schema-graph\">{\"@context\":\"https:\/\/schema.org\",\"@graph\":[{\"@type\":\"Article\",\"@id\":\"https:\/\/movemobility.ca\/resources\/evacuating-first-nations-communities\/#article\",\"isPartOf\":{\"@id\":\"https:\/\/movemobility.ca\/resources\/evacuating-first-nations-communities\/\"},\"author\":{\"name\":\"Quinn Springett\",\"@id\":\"https:\/\/movemobility.ca\/#\/schema\/person\/b112a07b7817e5defdc30faa0d9c6a49\"},\"headline\":\"2 Solutions for Evacuating First Nations Communities in Emergencies\",\"datePublished\":\"2023-11-10T13:00:22+00:00\",\"dateModified\":\"2025-01-17T15:19:31+00:00\",\"mainEntityOfPage\":{\"@id\":\"https:\/\/movemobility.ca\/resources\/evacuating-first-nations-communities\/\"},\"wordCount\":1438,\"publisher\":{\"@id\":\"https:\/\/movemobility.ca\/#organization\"},\"image\":{\"@id\":\"https:\/\/movemobility.ca\/resources\/evacuating-first-nations-communities\/#primaryimage\"},\"thumbnailUrl\":\"https:\/\/www.movemobility.ca\/wp-content\/uploads\/2023\/02\/P4-Side-Entry-Accessible-Van-1.jpg\",\"keywords\":[\"mobile response van\",\"movemobility p4\",\"wheelchair accessible van\",\"wheelchair accessible vans\",\"wheelchair accessible vehicle\",\"wheelchair van\",\"wheelchair vans\"],\"articleSection\":[\"P4\"],\"inLanguage\":\"fr-CA\"},{\"@type\":\"WebPage\",\"@id\":\"https:\/\/movemobility.ca\/resources\/evacuating-first-nations-communities\/\",\"url\":\"https:\/\/movemobility.ca\/resources\/evacuating-first-nations-communities\/\",\"name\":\"2 Solutions for Evacuating First Nations Communities in Emergencies\",\"isPartOf\":{\"@id\":\"https:\/\/movemobility.ca\/#website\"},\"primaryImageOfPage\":{\"@id\":\"https:\/\/movemobility.ca\/resources\/evacuating-first-nations-communities\/#primaryimage\"},\"image\":{\"@id\":\"https:\/\/movemobility.ca\/resources\/evacuating-first-nations-communities\/#primaryimage\"},\"thumbnailUrl\":\"https:\/\/www.movemobility.ca\/wp-content\/uploads\/2023\/02\/P4-Side-Entry-Accessible-Van-1.jpg\",\"datePublished\":\"2023-11-10T13:00:22+00:00\",\"dateModified\":\"2025-01-17T15:19:31+00:00\",\"description\":\"Is your organization looking to make it safer for First Nations communities to evacuate in case of emergencies? Find out how to do that in this article.\",\"breadcrumb\":{\"@id\":\"https:\/\/movemobility.ca\/resources\/evacuating-first-nations-communities\/#breadcrumb\"},\"inLanguage\":\"fr-CA\",\"potentialAction\":[{\"@type\":\"ReadAction\",\"target\":[\"https:\/\/movemobility.ca\/resources\/evacuating-first-nations-communities\/\"]}]},{\"@type\":\"ImageObject\",\"inLanguage\":\"fr-CA\",\"@id\":\"https:\/\/movemobility.ca\/resources\/evacuating-first-nations-communities\/#primaryimage\",\"url\":\"https:\/\/www.movemobility.ca\/wp-content\/uploads\/2023\/02\/P4-Side-Entry-Accessible-Van-1.jpg\",\"contentUrl\":\"https:\/\/www.movemobility.ca\/wp-content\/uploads\/2023\/02\/P4-Side-Entry-Accessible-Van-1.jpg\",\"width\":640,\"height\":427,\"caption\":\"Patent pending\"},{\"@type\":\"BreadcrumbList\",\"@id\":\"https:\/\/movemobility.ca\/resources\/evacuating-first-nations-communities\/#breadcrumb\",\"itemListElement\":[{\"@type\":\"ListItem\",\"position\":1,\"name\":\"Wheelchair Accessible Vans &amp; Medical Vehicles\",\"item\":\"https:\/\/www.movemobility.ca\/\"},{\"@type\":\"ListItem\",\"position\":2,\"name\":\"2 Solutions for Evacuating First Nations Communities in Emergencies\"}]},{\"@type\":\"WebSite\",\"@id\":\"https:\/\/movemobility.ca\/#website\",\"url\":\"https:\/\/movemobility.ca\/\",\"name\":\"MoveMobility\",\"description\":\"Wheelchair Accessible Vans &amp; Medical Vehicles\",\"publisher\":{\"@id\":\"https:\/\/movemobility.ca\/#organization\"},\"potentialAction\":[{\"@type\":\"SearchAction\",\"target\":{\"@type\":\"EntryPoint\",\"urlTemplate\":\"https:\/\/movemobility.ca\/?s={search_term_string}\"},\"query-input\":{\"@type\":\"PropertyValueSpecification\",\"valueRequired\":true,\"valueName\":\"search_term_string\"}}],\"inLanguage\":\"fr-CA\"},{\"@type\":\"Organization\",\"@id\":\"https:\/\/movemobility.ca\/#organization\",\"name\":\"MoveMobility\",\"url\":\"https:\/\/movemobility.ca\/\",\"logo\":{\"@type\":\"ImageObject\",\"inLanguage\":\"fr-CA\",\"@id\":\"https:\/\/movemobility.ca\/#\/schema\/logo\/image\/\",\"url\":\"https:\/\/www.movemobility.ca\/wp-content\/uploads\/2021\/06\/MM_logo_Stacked-LG.png\",\"contentUrl\":\"https:\/\/www.movemobility.ca\/wp-content\/uploads\/2021\/06\/MM_logo_Stacked-LG.png\",\"width\":444,\"height\":114,\"caption\":\"MoveMobility\"},\"image\":{\"@id\":\"https:\/\/movemobility.ca\/#\/schema\/logo\/image\/\"},\"sameAs\":[\"https:\/\/www.facebook.com\/mobilitymove\/\",\"https:\/\/x.com\/mobility_move\",\"https:\/\/www.linkedin.com\/company\/3961770\/\",\"https:\/\/www.youtube.com\/channel\/UCiW-UIxjD6wjjX-7KS4z22g\/\"]},{\"@type\":\"Person\",\"@id\":\"https:\/\/movemobility.ca\/#\/schema\/person\/b112a07b7817e5defdc30faa0d9c6a49\",\"name\":\"Quinn Springett\",\"image\":{\"@type\":\"ImageObject\",\"inLanguage\":\"fr-CA\",\"@id\":\"https:\/\/movemobility.ca\/#\/schema\/person\/image\/\",\"url\":\"https:\/\/www.movemobility.ca\/wp-content\/wphb-cache\/gravatar\/965\/965413787c312966d9102a4b2aa60781x96.jpg\",\"contentUrl\":\"https:\/\/www.movemobility.ca\/wp-content\/wphb-cache\/gravatar\/965\/965413787c312966d9102a4b2aa60781x96.jpg\",\"caption\":\"Quinn Springett\"},\"sameAs\":[\"http:\/\/www.movemobility.ca\"]}]}<\/script>\n<!-- \/ Yoast SEO plugin. -->","yoast_head_json":{"title":"2 Solutions pour l'\u00e9vacuation des communaut\u00e9s des Premi\u00e8res nations en cas d'urgence","description":"Is your organization looking to make it safer for First Nations communities to evacuate in case of emergencies? Find out how to do that in this article.","robots":{"index":"index","follow":"follow","max-snippet":"max-snippet:-1","max-image-preview":"max-image-preview:large","max-video-preview":"max-video-preview:-1"},"canonical":"https:\/\/movemobility.ca\/resources\/evacuating-first-nations-communities\/","og_locale":"fr_CA","og_type":"article","og_title":"2 Solutions for Evacuating First Nations Communities in Emergencies","og_description":"Is your organization looking to make it safer for First Nations communities to evacuate in case of emergencies? Find out how to do that in this article.","og_url":"https:\/\/movemobility.ca\/resources\/evacuating-first-nations-communities\/","og_site_name":"MoveMobility","article_publisher":"https:\/\/www.facebook.com\/mobilitymove\/","article_published_time":"2023-11-10T13:00:22+00:00","article_modified_time":"2025-01-17T15:19:31+00:00","og_image":[{"width":640,"height":427,"url":"https:\/\/movemobility.ca\/wp-content\/uploads\/2023\/02\/P4-Side-Entry-Accessible-Van-1.jpg","type":"image\/jpeg"}],"author":"Quinn Springett","twitter_card":"summary_large_image","twitter_creator":"@mobility_move","twitter_site":"@mobility_move","twitter_misc":{"\u00c9crit par":"Quinn Springett","Estimation du temps de lecture":"7 minutes"},"schema":{"@context":"https:\/\/schema.org","@graph":[{"@type":"Article","@id":"https:\/\/movemobility.ca\/resources\/evacuating-first-nations-communities\/#article","isPartOf":{"@id":"https:\/\/movemobility.ca\/resources\/evacuating-first-nations-communities\/"},"author":{"name":"Quinn Springett","@id":"https:\/\/movemobility.ca\/#\/schema\/person\/b112a07b7817e5defdc30faa0d9c6a49"},"headline":"2 Solutions for Evacuating First Nations Communities in Emergencies","datePublished":"2023-11-10T13:00:22+00:00","dateModified":"2025-01-17T15:19:31+00:00","mainEntityOfPage":{"@id":"https:\/\/movemobility.ca\/resources\/evacuating-first-nations-communities\/"},"wordCount":1438,"publisher":{"@id":"https:\/\/movemobility.ca\/#organization"},"image":{"@id":"https:\/\/movemobility.ca\/resources\/evacuating-first-nations-communities\/#primaryimage"},"thumbnailUrl":"https:\/\/www.movemobility.ca\/wp-content\/uploads\/2023\/02\/P4-Side-Entry-Accessible-Van-1.jpg","keywords":["mobile response van","movemobility p4","wheelchair accessible van","wheelchair accessible vans","wheelchair accessible vehicle","wheelchair van","wheelchair vans"],"articleSection":["P4"],"inLanguage":"fr-CA"},{"@type":"WebPage","@id":"https:\/\/movemobility.ca\/resources\/evacuating-first-nations-communities\/","url":"https:\/\/movemobility.ca\/resources\/evacuating-first-nations-communities\/","name":"2 Solutions pour l'\u00e9vacuation des communaut\u00e9s des Premi\u00e8res nations en cas d'urgence","isPartOf":{"@id":"https:\/\/movemobility.ca\/#website"},"primaryImageOfPage":{"@id":"https:\/\/movemobility.ca\/resources\/evacuating-first-nations-communities\/#primaryimage"},"image":{"@id":"https:\/\/movemobility.ca\/resources\/evacuating-first-nations-communities\/#primaryimage"},"thumbnailUrl":"https:\/\/www.movemobility.ca\/wp-content\/uploads\/2023\/02\/P4-Side-Entry-Accessible-Van-1.jpg","datePublished":"2023-11-10T13:00:22+00:00","dateModified":"2025-01-17T15:19:31+00:00","description":"Is your organization looking to make it safer for First Nations communities to evacuate in case of emergencies? Find out how to do that in this article.","breadcrumb":{"@id":"https:\/\/movemobility.ca\/resources\/evacuating-first-nations-communities\/#breadcrumb"},"inLanguage":"fr-CA","potentialAction":[{"@type":"ReadAction","target":["https:\/\/movemobility.ca\/resources\/evacuating-first-nations-communities\/"]}]},{"@type":"ImageObject","inLanguage":"fr-CA","@id":"https:\/\/movemobility.ca\/resources\/evacuating-first-nations-communities\/#primaryimage","url":"https:\/\/www.movemobility.ca\/wp-content\/uploads\/2023\/02\/P4-Side-Entry-Accessible-Van-1.jpg","contentUrl":"https:\/\/www.movemobility.ca\/wp-content\/uploads\/2023\/02\/P4-Side-Entry-Accessible-Van-1.jpg","width":640,"height":427,"caption":"Patent pending"},{"@type":"BreadcrumbList","@id":"https:\/\/movemobility.ca\/resources\/evacuating-first-nations-communities\/#breadcrumb","itemListElement":[{"@type":"ListItem","position":1,"name":"Wheelchair Accessible Vans &amp; Medical Vehicles","item":"https:\/\/www.movemobility.ca\/"},{"@type":"ListItem","position":2,"name":"2 Solutions for Evacuating First Nations Communities in Emergencies"}]},{"@type":"WebSite","@id":"https:\/\/movemobility.ca\/#website","url":"https:\/\/movemobility.ca\/","name":"MoveMobility","description":"Fourgons et v\u00e9hicules m\u00e9dicaux accessibles aux fauteuils roulants","publisher":{"@id":"https:\/\/movemobility.ca\/#organization"},"potentialAction":[{"@type":"SearchAction","target":{"@type":"EntryPoint","urlTemplate":"https:\/\/movemobility.ca\/?s={search_term_string}"},"query-input":{"@type":"PropertyValueSpecification","valueRequired":true,"valueName":"search_term_string"}}],"inLanguage":"fr-CA"},{"@type":"Organization","@id":"https:\/\/movemobility.ca\/#organization","name":"MoveMobility","url":"https:\/\/movemobility.ca\/","logo":{"@type":"ImageObject","inLanguage":"fr-CA","@id":"https:\/\/movemobility.ca\/#\/schema\/logo\/image\/","url":"https:\/\/www.movemobility.ca\/wp-content\/uploads\/2021\/06\/MM_logo_Stacked-LG.png","contentUrl":"https:\/\/www.movemobility.ca\/wp-content\/uploads\/2021\/06\/MM_logo_Stacked-LG.png","width":444,"height":114,"caption":"MoveMobility"},"image":{"@id":"https:\/\/movemobility.ca\/#\/schema\/logo\/image\/"},"sameAs":["https:\/\/www.facebook.com\/mobilitymove\/","https:\/\/x.com\/mobility_move","https:\/\/www.linkedin.com\/company\/3961770\/","https:\/\/www.youtube.com\/channel\/UCiW-UIxjD6wjjX-7KS4z22g\/"]},{"@type":"Person","@id":"https:\/\/movemobility.ca\/#\/schema\/person\/b112a07b7817e5defdc30faa0d9c6a49","name":"Quinn Springett","image":{"@type":"ImageObject","inLanguage":"fr-CA","@id":"https:\/\/movemobility.ca\/#\/schema\/person\/image\/","url":"https:\/\/www.movemobility.ca\/wp-content\/wphb-cache\/gravatar\/965\/965413787c312966d9102a4b2aa60781x96.jpg","contentUrl":"https:\/\/www.movemobility.ca\/wp-content\/wphb-cache\/gravatar\/965\/965413787c312966d9102a4b2aa60781x96.jpg","caption":"Quinn Springett"},"sameAs":["http:\/\/www.movemobility.ca"]}]}},"_links":{"self":[{"href":"https:\/\/www.movemobility.ca\/fr\/wp-json\/wp\/v2\/posts\/150184","targetHints":{"allow":["GET"]}}],"collection":[{"href":"https:\/\/www.movemobility.ca\/fr\/wp-json\/wp\/v2\/posts"}],"about":[{"href":"https:\/\/www.movemobility.ca\/fr\/wp-json\/wp\/v2\/types\/post"}],"author":[{"embeddable":true,"href":"https:\/\/www.movemobility.ca\/fr\/wp-json\/wp\/v2\/users\/17"}],"replies":[{"embeddable":true,"href":"https:\/\/www.movemobility.ca\/fr\/wp-json\/wp\/v2\/comments?post=150184"}],"version-history":[{"count":0,"href":"https:\/\/www.movemobility.ca\/fr\/wp-json\/wp\/v2\/posts\/150184\/revisions"}],"wp:featuredmedia":[{"embeddable":true,"href":"https:\/\/www.movemobility.ca\/fr\/wp-json\/wp\/v2\/media\/128884"}],"wp:attachment":[{"href":"https:\/\/www.movemobility.ca\/fr\/wp-json\/wp\/v2\/media?parent=150184"}],"wp:term":[{"taxonomy":"category","embeddable":true,"href":"https:\/\/www.movemobility.ca\/fr\/wp-json\/wp\/v2\/categories?post=150184"},{"taxonomy":"post_tag","embeddable":true,"href":"https:\/\/www.movemobility.ca\/fr\/wp-json\/wp\/v2\/tags?post=150184"},{"taxonomy":"type-of-project","embeddable":true,"href":"https:\/\/www.movemobility.ca\/fr\/wp-json\/wp\/v2\/type-of-project?post=150184"},{"taxonomy":"product-family","embeddable":true,"href":"https:\/\/www.movemobility.ca\/fr\/wp-json\/wp\/v2\/product-family?post=150184"},{"taxonomy":"the-big-5","embeddable":true,"href":"https:\/\/www.movemobility.ca\/fr\/wp-json\/wp\/v2\/the-big-5?post=150184"},{"taxonomy":"section","embeddable":true,"href":"https:\/\/www.movemobility.ca\/fr\/wp-json\/wp\/v2\/section?post=150184"},{"taxonomy":"resource","embeddable":true,"href":"https:\/\/www.movemobility.ca\/fr\/wp-json\/wp\/v2\/resource?post=150184"}],"curies":[{"name":"wp","href":"https:\/\/api.w.org\/{rel}","templated":true}]}}