{"id":131379,"date":"2023-04-03T10:00:00","date_gmt":"2023-04-03T15:00:00","guid":{"rendered":"https:\/\/www.movemobility.ca\/?p=131379"},"modified":"2025-08-29T11:42:36","modified_gmt":"2025-08-29T16:42:36","slug":"fourgonnette-en-fauteuil-roulant-economique-serie-vl","status":"publish","type":"post","link":"https:\/\/www.movemobility.ca\/fr\/resources\/budget-friendly-wheelchair-van-vl-series\/","title":{"rendered":"Nouveau fourgon pour fauteuils roulants \u00e0 petit budget : la s\u00e9rie VL"},"content":{"rendered":"\t\t<div data-elementor-type=\"wp-post\" data-elementor-id=\"131379\" class=\"elementor elementor-131379\" data-elementor-post-type=\"post\">\n\t\t\t\t<div class=\"elementor-element elementor-element-521f6ca8 e-flex e-con-boxed e-con e-parent\" data-id=\"521f6ca8\" data-element_type=\"container\" data-e-type=\"container\">\n\t\t\t\t\t<div class=\"e-con-inner\">\n\t\t\t\t<div class=\"elementor-element elementor-element-54ba5a50 elementor-widget elementor-widget-text-editor\" data-id=\"54ba5a50\" data-element_type=\"widget\" data-e-type=\"widget\" data-widget_type=\"text-editor.default\">\n\t\t\t\t\t\t\t\t\t\n<p>Do you need a <a href=\"https:\/\/www.movemobility.ca\/resources\/what-is-a-wheelchair-van\/\" target=\"_blank\" rel=\"noreferrer noopener\">wheelchair van<\/a> for your organization, but the ones you\u2019ve been looking at just don\u2019t fit in your budget?<\/p>\n\n\n\n<p>Are you an <a href=\"https:\/\/www.movemobility.ca\/resources\/wheelchair-vans-for-adult-day-programs\/\" target=\"_blank\" rel=\"noreferrer noopener\">adult day<\/a> program, and you\u2019re struggling to find funding for a wheelchair van?<\/p>\n\n\n\n<p>Do you need a wheelchair van that doesn\u2019t require a lot of maintenance but still offers your organization the flexibility it needs?&nbsp;<\/p>\n\n\n\n<p>Then, the VL Series from MoveMobility could be the right wheelchair van for you.&nbsp;<\/p>\n\n\n\n<p>In this article, you\u2019ll learn everything you need to know about the VL Series, such as:<\/p>\n\n\n\n<ul class=\"wp-block-list\">\n<li>What van the VL series is built on<\/li>\n\n\n\n<li>The number of passengers you can transport<\/li>\n\n\n\n<li>The different seating options available<\/li>\n\n\n\n<li>How much the VL Series costs<\/li>\n<\/ul>\n\n\n\n<div style=\"height:15px\" aria-hidden=\"true\" class=\"wp-block-spacer\"><\/div>\n\n\n\n<p>Our technician experts designed this budget-friendly option to meet the demands of a cost-effective wheelchair van that still offers flexibility.&nbsp;<\/p>\n\n\n\n<p>Read on to learn if the VL Series is right for you.&nbsp;<\/p>\n\n\n\n<div style=\"height:20px\" aria-hidden=\"true\" class=\"wp-block-spacer\"><\/div>\n\n\n\n<h2 class=\"wp-block-heading\">Budget-friendly wheelchair van: the VL Series Q&amp;A<\/h2>\n\n\n\n<p>Get your questions about the VL Series answered in one place below.<\/p>\n\n\n\n<div style=\"height:15px\" aria-hidden=\"true\" class=\"wp-block-spacer\"><\/div>\n\n\n\n<h3 class=\"wp-block-heading\">What model is it built on?<\/h3>\n\n\n\n<p>The VL Series conversion is built on the Ram Promaster 159\u201d Wheelbase High Roof model.&nbsp;<\/p>\n\n\n\n<div style=\"height:15px\" aria-hidden=\"true\" class=\"wp-block-spacer\"><\/div>\n\n\n\n<h3 class=\"wp-block-heading\">How many passengers can I transport using it?<\/h3>\n\n\n\n<p>The VL Series can transport eight ambulatory passengers and one wheelchair\u2013or a configuration of both.&nbsp;<\/p>\n\n\n\n<div style=\"height:15px\" aria-hidden=\"true\" class=\"wp-block-spacer\"><\/div>\n\n\n\n<h3 class=\"wp-block-heading\">What are the seating options?<\/h3>\n\n\n\n<div style=\"height:15px\" aria-hidden=\"true\" class=\"wp-block-spacer\"><\/div>\n\n\n\n<figure class=\"wp-block-image size-full\"><img fetchpriority=\"high\" decoding=\"async\" width=\"640\" height=\"427\" src=\"https:\/\/www.movemobility.ca\/wp-content\/uploads\/2023\/02\/IMG_1077.jpg\" alt=\"Rear view of inside of VL series van with lowered floor for wheelchair\" class=\"wp-image-129048\" srcset=\"https:\/\/www.movemobility.ca\/wp-content\/uploads\/2023\/02\/IMG_1077.jpg 640w, https:\/\/www.movemobility.ca\/wp-content\/uploads\/2023\/02\/IMG_1077-400x267.jpg 400w\" sizes=\"(max-width: 640px) 100vw, 640px\" \/><\/figure>\n\n\n\n<div style=\"height:15px\" aria-hidden=\"true\" class=\"wp-block-spacer\"><\/div>\n\n\n\n<p>The VL Series comes with <a href=\"https:\/\/www.movemobility.ca\/resources\/what-is-autofloor\/\" target=\"_blank\" rel=\"noreferrer noopener\">AutoFloor<\/a>* in the front half of the passenger compartment, two removable seats, and can accommodate up to six people. The seats have wheels, making it easy to configure your layout to suit your unique needs.&nbsp;<\/p>\n\n\n\n<p>*AutoFloor is an innovative floor track and seating system that allows you to configure seats and wheelchairs in the vehicle in different layouts.&nbsp;<\/p>\n\n\n\n<div style=\"height:47px\" aria-hidden=\"true\" class=\"wp-block-spacer\"><\/div>\n\n\n\n<div class=\"wp-block-buttons is-content-justification-center is-layout-flex wp-container-core-buttons-is-layout-a89b3969 wp-block-buttons-is-layout-flex\">\n<div class=\"wp-block-button\"><a class=\"wp-block-button__link has-white-color has-text-color has-background has-link-color wp-element-button\" href=\"#request-info-form\" style=\"border-radius:5px;background-color:#8cc63e\">Talk to an expert about budget-friendly wheelchair van options<\/a><\/div>\n<\/div>\n\n\n\n<div style=\"height:45px\" aria-hidden=\"true\" class=\"wp-block-spacer\"><\/div>\n\n\n\n<h3 class=\"wp-block-heading\">Is it rear or side entry?<\/h3>\n\n\n\n<p>The VL Series is a rear entry van conversion.&nbsp;<\/p>\n\n\n\n<div style=\"height:15px\" aria-hidden=\"true\" class=\"wp-block-spacer\"><\/div>\n\n\n\n<h3 class=\"wp-block-heading\">Will my wheelchair passengers enter the van using a ramp or a lift?<\/h3>\n\n\n\n<p>Your passengers will enter and exit the van using a <a href=\"https:\/\/www.movemobility.ca\/resources\/manual-ramps-wheelchair-vans-everything-to-know\/\" target=\"_blank\" rel=\"noreferrer noopener\">manual ramp<\/a>.&nbsp;<\/p>\n\n\n\n<div class=\"wp-block-columns is-layout-flex wp-container-core-columns-is-layout-28f84493 wp-block-columns-is-layout-flex\">\n<div class=\"wp-block-column is-layout-flow wp-block-column-is-layout-flow\">\n<p>A manual ramp is\u2026&nbsp;<\/p>\n\n\n\n<ul class=\"wp-block-list\">\n<li>Low maintenance<\/li>\n\n\n\n<li>Reliable for use in any climate<\/li>\n\n\n\n<li>Spring-assisted to eliminate physical strain<\/li>\n\n\n\n<li>Fast and easy to use \u2013 no need to wait for a lift to deploy or stow<\/li>\n<\/ul>\n<\/div>\n\n\n\n<div class=\"wp-block-column is-layout-flow wp-block-column-is-layout-flow\">\n<figure class=\"wp-block-image size-full\"><img decoding=\"async\" width=\"640\" height=\"427\" data-src=\"https:\/\/www.movemobility.ca\/wp-content\/uploads\/2023\/02\/IMG_1079.jpg\" alt=\"Close up of manual ramp on the VL Series\" class=\"wp-image-129049 lazyload\" data-srcset=\"https:\/\/www.movemobility.ca\/wp-content\/uploads\/2023\/02\/IMG_1079.jpg 640w, https:\/\/www.movemobility.ca\/wp-content\/uploads\/2023\/02\/IMG_1079-400x267.jpg 400w\" data-sizes=\"auto\" src=\"data:image\/svg+xml;base64,PHN2ZyB3aWR0aD0iMSIgaGVpZ2h0PSIxIiB4bWxucz0iaHR0cDovL3d3dy53My5vcmcvMjAwMC9zdmciPjwvc3ZnPg==\" style=\"--smush-placeholder-width: 640px; --smush-placeholder-aspect-ratio: 640\/427;\" data-original-sizes=\"(max-width: 640px) 100vw, 640px\" \/><\/figure>\n<\/div>\n<\/div>\n\n\n\n<p><\/p>\n\n\n\n<div style=\"height:15px\" aria-hidden=\"true\" class=\"wp-block-spacer\"><\/div>\n\n\n\n<h3 class=\"wp-block-heading\">How much does the budget-friendly wheelchair van cost?<\/h3>\n\n\n\n<p>The VL Series typically costs $110,000 to $135,000.&nbsp;<\/p>\n\n\n\n<p>Learn what makes up the cost of a wheelchair van <a href=\"https:\/\/www.movemobility.ca\/resources\/how-much-does-a-wheelchair-van-cost\/\" target=\"_blank\" rel=\"noreferrer noopener\">here<\/a>.&nbsp;<\/p>\n\n\n\n<div style=\"height:15px\" aria-hidden=\"true\" class=\"wp-block-spacer\"><\/div>\n\n\n\n<h3 class=\"wp-block-heading\">What driving license do I need to drive it?<\/h3>\n\n\n\n<p>The VL Series requires a standard driving license in most provinces, excluding British Columbia.&nbsp;<\/p>\n\n\n\n<p>Click here for a breakdown of what license you need to drive a wheelchair van, province by province, <a href=\"https:\/\/www.movemobility.ca\/resources\/license-to-drive-wheelchair-van-canada\/\" target=\"_blank\" rel=\"noreferrer noopener\">here<\/a>.&nbsp;<\/p>\n\n\n\n<div style=\"height:15px\" aria-hidden=\"true\" class=\"wp-block-spacer\"><\/div>\n\n\n\n<h3 class=\"wp-block-heading\">How easy is the van to use\/operate?&nbsp;<\/h3>\n\n\n\n<p>Our technician experts designed the VL Series to be easy to use.&nbsp;<\/p>\n\n\n\n<p>The van comes with a simple manual ramp with a latch to secure it in place. To use the ramp, simply undo the latch on either side of it, then lower it down. You reverse this process to stow the ramp.&nbsp;<\/p>\n\n\n\n<div style=\"height:15px\" aria-hidden=\"true\" class=\"wp-block-spacer\"><\/div>\n\n\n\n<h3 class=\"wp-block-heading\">How much maintenance does the VL Series need?&nbsp;<\/h3>\n\n\n\n<p>We designed this budget-friendly wheelchair van with a manual ramp, which means it needs little to no maintenance. A manual ramp will likely not fail in cold weather and is easy to keep clean by brushing off ice and snow.&nbsp;<\/p>\n\n\n\n<div style=\"height:15px\" aria-hidden=\"true\" class=\"wp-block-spacer\"><\/div>\n\n\n\n<h3 class=\"wp-block-heading\">Who is a budget-friendly wheelchair van right for?<\/h3>\n\n\n\n<p>The VL Series is right for:<\/p>\n\n\n\n<ul class=\"wp-block-list\">\n<li>Organizations who need a budget-friendly option that still provides flexibility<\/li>\n\n\n\n<li>Adult day programs and First Nations and Indigenous communities who are struggling to find funding and need a budget-friendly wheelchair van option<\/li>\n\n\n\n<li>Organizations that need a rear entry mid-size van option with a low ramp angle<\/li>\n<\/ul>\n\n\n\n<div style=\"height:20px\" aria-hidden=\"true\" class=\"wp-block-spacer\"><\/div>\n\n\n\n<h2 class=\"wp-block-heading\">Your next steps to getting a budget-friendly wheelchair van<\/h2>\n\n\n\n<p>You came to this article to learn about the new cost-effective wheelchair van from MoveMobility.&nbsp;<\/p>\n\n\n\n<p>After reading, you\u2019ve learned everything you need to know about the VL Series to decide if it\u2019s the right wheelchair van for your organization.&nbsp;<\/p>\n\n\n\n<p>If you\u2019re still not sure which wheelchair van is right for you, <a href=\"#request-info-form\">talk to a MoveMobility expert today<\/a>.&nbsp;<\/p>\n\n\n\n<p>Or, check out these related resources:&nbsp;<\/p>\n\n\n\n<ul class=\"wp-block-list\">\n<li><a href=\"https:\/\/www.movemobility.ca\/resources\/ram-promaster-wheelchair-vans-everything-you-need-to-know\/\" target=\"_blank\" rel=\"noreferrer noopener\">Ram Promaster Wheelchair Vans: Everything You Need to Know<\/a><\/li>\n\n\n\n<li><a href=\"https:\/\/www.movemobility.ca\/resources\/delivering-wheelchair-vans-across-canada-process\/\" target=\"_blank\" rel=\"noreferrer noopener\">Delivering Wheelchair Vans Across Canada: The Process<\/a><\/li>\n\n\n\n<li><a href=\"https:\/\/www.movemobility.ca\/resources\/maintenance-your-wheelchair-van-needs\/\" target=\"_blank\" rel=\"noreferrer noopener\">What Maintenance Does Your Wheelchair Van Need?<\/a><\/li>\n<\/ul>\n\n\n\n<div style=\"height:40px\" aria-hidden=\"true\" class=\"wp-block-spacer\"><\/div>\n\n\n\n<div class=\"wp-block-buttons is-content-justification-center is-layout-flex wp-container-core-buttons-is-layout-5b5683f2 wp-block-buttons-is-layout-flex\">\n<div class=\"wp-block-button\"><a class=\"wp-block-button__link has-white-color has-text-color has-background wp-element-button\" href=\"#request-info-form\" style=\"border-radius:5px;background-color:#8cc63e\"><strong>Talk to an expert<\/strong><\/a><\/div>\n<\/div>\n\t\t\t\t\t\t\t\t<\/div>\n\t\t\t\t<div class=\"elementor-element elementor-element-fdff7bc elementor-widget elementor-widget-html\" data-id=\"fdff7bc\" data-element_type=\"widget\" data-e-type=\"widget\" data-widget_type=\"html.default\">\n\t\t\t\t\t<script type=\"application\/ld+json\">\n{\n  \"@context\": \"https:\/\/schema.org\/\",\n  \"@type\": \"Product\",\n  \"name\": \"VL Series: Rear Entry Van Conversion\",\n  \"description\": \"The VL Series Rear Entry Van Conversion is a budget-friendly full-size accessible van on the Ram ProMaster 159\\\" High Roof. It seats up to 8 ambulatory passengers and 1 wheelchair. A durable spring-assisted manual ramp with integrated handles (600 lb capacity) provides quick, low-maintenance access. Front-wheel drive traction, a 3.6L Pentastar V6, and a compact footprint make it practical for city routes.\",\n  \"category\": \"Full-size wheelchair accessible van\",\n  \"brand\": {\n    \"@type\": \"Brand\",\n    \"name\": \"MoveMobility\"\n  },\n  \"url\": \"https:\/\/www.movemobility.ca\/ram-promaster-wheelchair-accessible-vans\/rear-entry-van-conversion\/\",\n  \"image\": \"https:\/\/b1574095.smushcdn.com\/1574095\/wp-content\/uploads\/2023\/02\/IMG_1083-Shadow.png?lossy=2&strip=1&webp=1\",\n  \"model\": {\n    \"@type\": \"ProductModel\",\n    \"name\": \"Ram ProMaster 159\\\" High Roof (VL Series)\"\n  },\n  \"offers\": {\n    \"@type\": \"AggregateOffer\",\n    \"priceCurrency\": \"CAD\",\n    \"lowPrice\": \"110000\",\n    \"highPrice\": \"135000\",\n    \"availability\": \"https:\/\/schema.org\/PreOrder\",\n    \"itemCondition\": \"https:\/\/schema.org\/NewCondition\",\n    \"url\": \"https:\/\/www.movemobility.ca\/ram-promaster-wheelchair-accessible-vans\/rear-entry-van-conversion\/\",\n    \"areaServed\": \"CA\"\n  },\n  \"additionalProperty\": [\n    { \"@type\": \"PropertyValue\", \"name\": \"Seating (ambulatory)\", \"value\": \"Up to 8\" },\n    { \"@type\": \"PropertyValue\", \"name\": \"Wheelchair positions\", \"value\": \"1\" },\n    { \"@type\": \"PropertyValue\", \"name\": \"Entry\", \"value\": \"Rear entry\" },\n    { \"@type\": \"PropertyValue\", \"name\": \"Ramp\", \"value\": \"Spring-assisted manual ramp with integrated handles\" },\n    { \"@type\": \"PropertyValue\", \"name\": \"Ramp capacity\", \"value\": \"600 lb\" },\n    { \"@type\": \"PropertyValue\", \"name\": \"Engine\", \"value\": \"3.6L Pentastar V6\" },\n    { \"@type\": \"PropertyValue\", \"name\": \"Drivetrain\", \"value\": \"Front-wheel drive\" },\n    { \"@type\": \"PropertyValue\", \"name\": \"Use case\", \"value\": \"Cost-effective daily accessible transportation\" },\n    { \"@type\": \"PropertyValue\", \"name\": \"Maintenance\", \"value\": \"Low maintenance ramp design\" },\n    { \"@type\": \"PropertyValue\", \"name\": \"Financing\", \"value\": \"Available\" },\n    { \"@type\": \"PropertyValue\", \"name\": \"Leasing\", \"value\": \"Available\" },\n    { \"@type\": \"PropertyValue\", \"name\": \"Contact for Quote\", \"value\": \"Available\" }\n  ],\n  \"seller\": {\n    \"@type\": \"Organization\",\n    \"name\": \"MoveMobility\",\n    \"url\": \"https:\/\/www.movemobility.ca\"\n  }\n}\n<\/script>\n\t\t\t\t<\/div>\n\t\t\t\t\t<\/div>\n\t\t\t\t<\/div>\n\t\t\t\t<\/div>\n\t\t","protected":false},"excerpt":{"rendered":"<p>Do you need a wheelchair van for your organization, but the ones you\u2019ve been looking at just don\u2019t fit in your budget? Are you an adult day program, and you\u2019re struggling to find funding for a wheelchair van? Do you need a wheelchair van that doesn\u2019t require a lot of maintenance but still offers your [&hellip;]<\/p>\n","protected":false},"author":12,"featured_media":129050,"comment_status":"closed","ping_status":"closed","sticky":false,"template":"","format":"standard","meta":{"content-type":"","footnotes":""},"categories":[2677,2780],"tags":[2807,1493,8,2805,2808,18,19,11,2804,22],"type-of-project":[],"product-family":[2941],"the-big-5":[2934],"section":[2932],"resource":[2926],"class_list":["post-131379","post","type-post","status-publish","format-standard","has-post-thumbnail","hentry","category-full-size-whelechair-vans","category-ramp-vans","tag-budget-friendly-wheelchair-van","tag-commercial-accessible-vehicle","tag-mobility-vehicles","tag-ramp-wheelchair-van","tag-vl-series","tag-wheelchair-accessible-van","tag-wheelchair-accessible-vans","tag-wheelchair-accessible-vehicle","tag-wheelchair-van-ramp","tag-wheelchair-vans","product-family-wheelchair-van","the-big-5-price","section-considering","resource-article"],"yoast_head":"<!-- This site is optimized with the Yoast SEO plugin v27.1.1 - https:\/\/yoast.com\/product\/yoast-seo-wordpress\/ -->\n<title>New Budget Friendly Wheelchair Van: the VL Series<\/title>\n<meta name=\"description\" content=\"Looking for a budget friendly wheelchair van for your organization? Click here to learn about the new VL series from MoveMobility!\" \/>\n<meta name=\"robots\" content=\"index, follow, max-snippet:-1, max-image-preview:large, max-video-preview:-1\" \/>\n<link rel=\"canonical\" href=\"https:\/\/movemobility.ca\/resources\/budget-friendly-wheelchair-van-vl-series\/\" \/>\n<meta property=\"og:locale\" content=\"fr_CA\" \/>\n<meta property=\"og:type\" content=\"article\" \/>\n<meta property=\"og:title\" content=\"New Budget Friendly Wheelchair Van: the VL Series\" \/>\n<meta property=\"og:description\" content=\"Looking for a budget friendly wheelchair van for your organization? Click here to learn about the new VL series from MoveMobility!\" \/>\n<meta property=\"og:url\" content=\"https:\/\/movemobility.ca\/resources\/budget-friendly-wheelchair-van-vl-series\/\" \/>\n<meta property=\"og:site_name\" content=\"MoveMobility\" \/>\n<meta property=\"article:publisher\" content=\"https:\/\/www.facebook.com\/mobilitymove\/\" \/>\n<meta property=\"article:published_time\" content=\"2023-04-03T15:00:00+00:00\" \/>\n<meta property=\"article:modified_time\" content=\"2025-08-29T16:42:36+00:00\" \/>\n<meta property=\"og:image\" content=\"https:\/\/movemobility.ca\/wp-content\/uploads\/2023\/02\/IMG_1083.jpg\" \/>\n\t<meta property=\"og:image:width\" content=\"640\" \/>\n\t<meta property=\"og:image:height\" content=\"427\" \/>\n\t<meta property=\"og:image:type\" content=\"image\/jpeg\" \/>\n<meta name=\"author\" content=\"Margaret Spratt\" \/>\n<meta name=\"twitter:card\" content=\"summary_large_image\" \/>\n<meta name=\"twitter:creator\" content=\"@mobility_move\" \/>\n<meta name=\"twitter:site\" content=\"@mobility_move\" \/>\n<meta name=\"twitter:label1\" content=\"\u00c9crit par\" \/>\n\t<meta name=\"twitter:data1\" content=\"Margaret Spratt\" \/>\n\t<meta name=\"twitter:label2\" content=\"Estimation du temps de lecture\" \/>\n\t<meta name=\"twitter:data2\" content=\"5 minutes\" \/>\n<script type=\"application\/ld+json\" class=\"yoast-schema-graph\">{\"@context\":\"https:\/\/schema.org\",\"@graph\":[{\"@type\":\"Article\",\"@id\":\"https:\/\/movemobility.ca\/resources\/budget-friendly-wheelchair-van-vl-series\/#article\",\"isPartOf\":{\"@id\":\"https:\/\/movemobility.ca\/resources\/budget-friendly-wheelchair-van-vl-series\/\"},\"author\":{\"name\":\"Margaret Spratt\",\"@id\":\"https:\/\/movemobility.ca\/#\/schema\/person\/a88b4738816a3e8eb5ea7af87f8cfebd\"},\"headline\":\"New Budget Friendly Wheelchair Van: the VL Series\",\"datePublished\":\"2023-04-03T15:00:00+00:00\",\"dateModified\":\"2025-08-29T16:42:36+00:00\",\"mainEntityOfPage\":{\"@id\":\"https:\/\/movemobility.ca\/resources\/budget-friendly-wheelchair-van-vl-series\/\"},\"wordCount\":738,\"publisher\":{\"@id\":\"https:\/\/movemobility.ca\/#organization\"},\"image\":{\"@id\":\"https:\/\/movemobility.ca\/resources\/budget-friendly-wheelchair-van-vl-series\/#primaryimage\"},\"thumbnailUrl\":\"https:\/\/www.movemobility.ca\/wp-content\/uploads\/2023\/02\/IMG_1083.jpg\",\"keywords\":[\"Budget friendly wheelchair van\",\"commercial accessible vehicle\",\"mobility vehicles\",\"Ramp wheelchair van\",\"VL Series\",\"wheelchair accessible van\",\"wheelchair accessible vans\",\"wheelchair accessible vehicle\",\"wheelchair van ramp\",\"wheelchair vans\"],\"articleSection\":[\"Full Size Wheelchair Vans\",\"Ramp Vans\"],\"inLanguage\":\"fr-CA\"},{\"@type\":\"WebPage\",\"@id\":\"https:\/\/movemobility.ca\/resources\/budget-friendly-wheelchair-van-vl-series\/\",\"url\":\"https:\/\/movemobility.ca\/resources\/budget-friendly-wheelchair-van-vl-series\/\",\"name\":\"New Budget Friendly Wheelchair Van: the VL Series\",\"isPartOf\":{\"@id\":\"https:\/\/movemobility.ca\/#website\"},\"primaryImageOfPage\":{\"@id\":\"https:\/\/movemobility.ca\/resources\/budget-friendly-wheelchair-van-vl-series\/#primaryimage\"},\"image\":{\"@id\":\"https:\/\/movemobility.ca\/resources\/budget-friendly-wheelchair-van-vl-series\/#primaryimage\"},\"thumbnailUrl\":\"https:\/\/www.movemobility.ca\/wp-content\/uploads\/2023\/02\/IMG_1083.jpg\",\"datePublished\":\"2023-04-03T15:00:00+00:00\",\"dateModified\":\"2025-08-29T16:42:36+00:00\",\"description\":\"Looking for a budget friendly wheelchair van for your organization? Click here to learn about the new VL series from MoveMobility!\",\"breadcrumb\":{\"@id\":\"https:\/\/movemobility.ca\/resources\/budget-friendly-wheelchair-van-vl-series\/#breadcrumb\"},\"inLanguage\":\"fr-CA\",\"potentialAction\":[{\"@type\":\"ReadAction\",\"target\":[\"https:\/\/movemobility.ca\/resources\/budget-friendly-wheelchair-van-vl-series\/\"]}]},{\"@type\":\"ImageObject\",\"inLanguage\":\"fr-CA\",\"@id\":\"https:\/\/movemobility.ca\/resources\/budget-friendly-wheelchair-van-vl-series\/#primaryimage\",\"url\":\"https:\/\/www.movemobility.ca\/wp-content\/uploads\/2023\/02\/IMG_1083.jpg\",\"contentUrl\":\"https:\/\/www.movemobility.ca\/wp-content\/uploads\/2023\/02\/IMG_1083.jpg\",\"width\":640,\"height\":427,\"caption\":\"Rear view of VL Series wheelchair van with lowered ramp.\"},{\"@type\":\"BreadcrumbList\",\"@id\":\"https:\/\/movemobility.ca\/resources\/budget-friendly-wheelchair-van-vl-series\/#breadcrumb\",\"itemListElement\":[{\"@type\":\"ListItem\",\"position\":1,\"name\":\"Wheelchair Accessible Vans &amp; Medical Vehicles\",\"item\":\"https:\/\/www.movemobility.ca\/\"},{\"@type\":\"ListItem\",\"position\":2,\"name\":\"New Budget Friendly Wheelchair Van: the VL Series\"}]},{\"@type\":\"WebSite\",\"@id\":\"https:\/\/movemobility.ca\/#website\",\"url\":\"https:\/\/movemobility.ca\/\",\"name\":\"MoveMobility\",\"description\":\"Wheelchair Accessible Vans &amp; Medical Vehicles\",\"publisher\":{\"@id\":\"https:\/\/movemobility.ca\/#organization\"},\"potentialAction\":[{\"@type\":\"SearchAction\",\"target\":{\"@type\":\"EntryPoint\",\"urlTemplate\":\"https:\/\/movemobility.ca\/?s={search_term_string}\"},\"query-input\":{\"@type\":\"PropertyValueSpecification\",\"valueRequired\":true,\"valueName\":\"search_term_string\"}}],\"inLanguage\":\"fr-CA\"},{\"@type\":\"Organization\",\"@id\":\"https:\/\/movemobility.ca\/#organization\",\"name\":\"MoveMobility\",\"url\":\"https:\/\/movemobility.ca\/\",\"logo\":{\"@type\":\"ImageObject\",\"inLanguage\":\"fr-CA\",\"@id\":\"https:\/\/movemobility.ca\/#\/schema\/logo\/image\/\",\"url\":\"https:\/\/www.movemobility.ca\/wp-content\/uploads\/2021\/06\/MM_logo_Stacked-LG.png\",\"contentUrl\":\"https:\/\/www.movemobility.ca\/wp-content\/uploads\/2021\/06\/MM_logo_Stacked-LG.png\",\"width\":444,\"height\":114,\"caption\":\"MoveMobility\"},\"image\":{\"@id\":\"https:\/\/movemobility.ca\/#\/schema\/logo\/image\/\"},\"sameAs\":[\"https:\/\/www.facebook.com\/mobilitymove\/\",\"https:\/\/x.com\/mobility_move\",\"https:\/\/www.linkedin.com\/company\/3961770\/\",\"https:\/\/www.youtube.com\/channel\/UCiW-UIxjD6wjjX-7KS4z22g\/\"]},{\"@type\":\"Person\",\"@id\":\"https:\/\/movemobility.ca\/#\/schema\/person\/a88b4738816a3e8eb5ea7af87f8cfebd\",\"name\":\"Margaret Spratt\",\"image\":{\"@type\":\"ImageObject\",\"inLanguage\":\"fr-CA\",\"@id\":\"https:\/\/movemobility.ca\/#\/schema\/person\/image\/\",\"url\":\"https:\/\/www.movemobility.ca\/wp-content\/wphb-cache\/gravatar\/4f8\/4f8e5932453b4c580a053f453617318bx96.jpg\",\"contentUrl\":\"https:\/\/www.movemobility.ca\/wp-content\/wphb-cache\/gravatar\/4f8\/4f8e5932453b4c580a053f453617318bx96.jpg\",\"caption\":\"Margaret Spratt\"}}]}<\/script>\n<!-- \/ Yoast SEO plugin. -->","yoast_head_json":{"title":"Nouveau fourgon pour fauteuils roulants \u00e0 petit budget : la s\u00e9rie VL","description":"Vous \u00eates \u00e0 la recherche d'une fourgonnette pour fauteuils roulants \u00e9conomique pour votre organisation ? Cliquez ici pour en savoir plus sur la nouvelle s\u00e9rie VL de MoveMobility !","robots":{"index":"index","follow":"follow","max-snippet":"max-snippet:-1","max-image-preview":"max-image-preview:large","max-video-preview":"max-video-preview:-1"},"canonical":"https:\/\/movemobility.ca\/resources\/budget-friendly-wheelchair-van-vl-series\/","og_locale":"fr_CA","og_type":"article","og_title":"New Budget Friendly Wheelchair Van: the VL Series","og_description":"Looking for a budget friendly wheelchair van for your organization? Click here to learn about the new VL series from MoveMobility!","og_url":"https:\/\/movemobility.ca\/resources\/budget-friendly-wheelchair-van-vl-series\/","og_site_name":"MoveMobility","article_publisher":"https:\/\/www.facebook.com\/mobilitymove\/","article_published_time":"2023-04-03T15:00:00+00:00","article_modified_time":"2025-08-29T16:42:36+00:00","og_image":[{"width":640,"height":427,"url":"https:\/\/movemobility.ca\/wp-content\/uploads\/2023\/02\/IMG_1083.jpg","type":"image\/jpeg"}],"author":"Margaret Spratt","twitter_card":"summary_large_image","twitter_creator":"@mobility_move","twitter_site":"@mobility_move","twitter_misc":{"\u00c9crit par":"Margaret Spratt","Estimation du temps de lecture":"5 minutes"},"schema":{"@context":"https:\/\/schema.org","@graph":[{"@type":"Article","@id":"https:\/\/movemobility.ca\/resources\/budget-friendly-wheelchair-van-vl-series\/#article","isPartOf":{"@id":"https:\/\/movemobility.ca\/resources\/budget-friendly-wheelchair-van-vl-series\/"},"author":{"name":"Margaret Spratt","@id":"https:\/\/movemobility.ca\/#\/schema\/person\/a88b4738816a3e8eb5ea7af87f8cfebd"},"headline":"New Budget Friendly Wheelchair Van: the VL Series","datePublished":"2023-04-03T15:00:00+00:00","dateModified":"2025-08-29T16:42:36+00:00","mainEntityOfPage":{"@id":"https:\/\/movemobility.ca\/resources\/budget-friendly-wheelchair-van-vl-series\/"},"wordCount":738,"publisher":{"@id":"https:\/\/movemobility.ca\/#organization"},"image":{"@id":"https:\/\/movemobility.ca\/resources\/budget-friendly-wheelchair-van-vl-series\/#primaryimage"},"thumbnailUrl":"https:\/\/www.movemobility.ca\/wp-content\/uploads\/2023\/02\/IMG_1083.jpg","keywords":["Budget friendly wheelchair van","commercial accessible vehicle","mobility vehicles","Ramp wheelchair van","VL Series","wheelchair accessible van","wheelchair accessible vans","wheelchair accessible vehicle","wheelchair van ramp","wheelchair vans"],"articleSection":["Full Size Wheelchair Vans","Ramp Vans"],"inLanguage":"fr-CA"},{"@type":"WebPage","@id":"https:\/\/movemobility.ca\/resources\/budget-friendly-wheelchair-van-vl-series\/","url":"https:\/\/movemobility.ca\/resources\/budget-friendly-wheelchair-van-vl-series\/","name":"Nouveau fourgon pour fauteuils roulants \u00e0 petit budget : la s\u00e9rie VL","isPartOf":{"@id":"https:\/\/movemobility.ca\/#website"},"primaryImageOfPage":{"@id":"https:\/\/movemobility.ca\/resources\/budget-friendly-wheelchair-van-vl-series\/#primaryimage"},"image":{"@id":"https:\/\/movemobility.ca\/resources\/budget-friendly-wheelchair-van-vl-series\/#primaryimage"},"thumbnailUrl":"https:\/\/www.movemobility.ca\/wp-content\/uploads\/2023\/02\/IMG_1083.jpg","datePublished":"2023-04-03T15:00:00+00:00","dateModified":"2025-08-29T16:42:36+00:00","description":"Vous \u00eates \u00e0 la recherche d'une fourgonnette pour fauteuils roulants \u00e9conomique pour votre organisation ? Cliquez ici pour en savoir plus sur la nouvelle s\u00e9rie VL de MoveMobility !","breadcrumb":{"@id":"https:\/\/movemobility.ca\/resources\/budget-friendly-wheelchair-van-vl-series\/#breadcrumb"},"inLanguage":"fr-CA","potentialAction":[{"@type":"ReadAction","target":["https:\/\/movemobility.ca\/resources\/budget-friendly-wheelchair-van-vl-series\/"]}]},{"@type":"ImageObject","inLanguage":"fr-CA","@id":"https:\/\/movemobility.ca\/resources\/budget-friendly-wheelchair-van-vl-series\/#primaryimage","url":"https:\/\/www.movemobility.ca\/wp-content\/uploads\/2023\/02\/IMG_1083.jpg","contentUrl":"https:\/\/www.movemobility.ca\/wp-content\/uploads\/2023\/02\/IMG_1083.jpg","width":640,"height":427,"caption":"Rear view of VL Series wheelchair van with lowered ramp."},{"@type":"BreadcrumbList","@id":"https:\/\/movemobility.ca\/resources\/budget-friendly-wheelchair-van-vl-series\/#breadcrumb","itemListElement":[{"@type":"ListItem","position":1,"name":"Wheelchair Accessible Vans &amp; Medical Vehicles","item":"https:\/\/www.movemobility.ca\/"},{"@type":"ListItem","position":2,"name":"New Budget Friendly Wheelchair Van: the VL Series"}]},{"@type":"WebSite","@id":"https:\/\/movemobility.ca\/#website","url":"https:\/\/movemobility.ca\/","name":"MoveMobility","description":"Fourgons et v\u00e9hicules m\u00e9dicaux accessibles aux fauteuils roulants","publisher":{"@id":"https:\/\/movemobility.ca\/#organization"},"potentialAction":[{"@type":"SearchAction","target":{"@type":"EntryPoint","urlTemplate":"https:\/\/movemobility.ca\/?s={search_term_string}"},"query-input":{"@type":"PropertyValueSpecification","valueRequired":true,"valueName":"search_term_string"}}],"inLanguage":"fr-CA"},{"@type":"Organization","@id":"https:\/\/movemobility.ca\/#organization","name":"MoveMobility","url":"https:\/\/movemobility.ca\/","logo":{"@type":"ImageObject","inLanguage":"fr-CA","@id":"https:\/\/movemobility.ca\/#\/schema\/logo\/image\/","url":"https:\/\/www.movemobility.ca\/wp-content\/uploads\/2021\/06\/MM_logo_Stacked-LG.png","contentUrl":"https:\/\/www.movemobility.ca\/wp-content\/uploads\/2021\/06\/MM_logo_Stacked-LG.png","width":444,"height":114,"caption":"MoveMobility"},"image":{"@id":"https:\/\/movemobility.ca\/#\/schema\/logo\/image\/"},"sameAs":["https:\/\/www.facebook.com\/mobilitymove\/","https:\/\/x.com\/mobility_move","https:\/\/www.linkedin.com\/company\/3961770\/","https:\/\/www.youtube.com\/channel\/UCiW-UIxjD6wjjX-7KS4z22g\/"]},{"@type":"Person","@id":"https:\/\/movemobility.ca\/#\/schema\/person\/a88b4738816a3e8eb5ea7af87f8cfebd","name":"Margaret Spratt","image":{"@type":"ImageObject","inLanguage":"fr-CA","@id":"https:\/\/movemobility.ca\/#\/schema\/person\/image\/","url":"https:\/\/www.movemobility.ca\/wp-content\/wphb-cache\/gravatar\/4f8\/4f8e5932453b4c580a053f453617318bx96.jpg","contentUrl":"https:\/\/www.movemobility.ca\/wp-content\/wphb-cache\/gravatar\/4f8\/4f8e5932453b4c580a053f453617318bx96.jpg","caption":"Margaret Spratt"}}]}},"_links":{"self":[{"href":"https:\/\/www.movemobility.ca\/fr\/wp-json\/wp\/v2\/posts\/131379","targetHints":{"allow":["GET"]}}],"collection":[{"href":"https:\/\/www.movemobility.ca\/fr\/wp-json\/wp\/v2\/posts"}],"about":[{"href":"https:\/\/www.movemobility.ca\/fr\/wp-json\/wp\/v2\/types\/post"}],"author":[{"embeddable":true,"href":"https:\/\/www.movemobility.ca\/fr\/wp-json\/wp\/v2\/users\/12"}],"replies":[{"embeddable":true,"href":"https:\/\/www.movemobility.ca\/fr\/wp-json\/wp\/v2\/comments?post=131379"}],"version-history":[{"count":0,"href":"https:\/\/www.movemobility.ca\/fr\/wp-json\/wp\/v2\/posts\/131379\/revisions"}],"wp:featuredmedia":[{"embeddable":true,"href":"https:\/\/www.movemobility.ca\/fr\/wp-json\/wp\/v2\/media\/129050"}],"wp:attachment":[{"href":"https:\/\/www.movemobility.ca\/fr\/wp-json\/wp\/v2\/media?parent=131379"}],"wp:term":[{"taxonomy":"category","embeddable":true,"href":"https:\/\/www.movemobility.ca\/fr\/wp-json\/wp\/v2\/categories?post=131379"},{"taxonomy":"post_tag","embeddable":true,"href":"https:\/\/www.movemobility.ca\/fr\/wp-json\/wp\/v2\/tags?post=131379"},{"taxonomy":"type-of-project","embeddable":true,"href":"https:\/\/www.movemobility.ca\/fr\/wp-json\/wp\/v2\/type-of-project?post=131379"},{"taxonomy":"product-family","embeddable":true,"href":"https:\/\/www.movemobility.ca\/fr\/wp-json\/wp\/v2\/product-family?post=131379"},{"taxonomy":"the-big-5","embeddable":true,"href":"https:\/\/www.movemobility.ca\/fr\/wp-json\/wp\/v2\/the-big-5?post=131379"},{"taxonomy":"section","embeddable":true,"href":"https:\/\/www.movemobility.ca\/fr\/wp-json\/wp\/v2\/section?post=131379"},{"taxonomy":"resource","embeddable":true,"href":"https:\/\/www.movemobility.ca\/fr\/wp-json\/wp\/v2\/resource?post=131379"}],"curies":[{"name":"wp","href":"https:\/\/api.w.org\/{rel}","templated":true}]}}