{"id":105387,"date":"2022-07-08T13:50:46","date_gmt":"2022-07-08T18:50:46","guid":{"rendered":"https:\/\/www.movemobility.ca\/?p=105387"},"modified":"2022-11-30T13:15:41","modified_gmt":"2022-11-30T19:15:41","slug":"limpact-dune-navette-communautaire","status":"publish","type":"post","link":"https:\/\/www.movemobility.ca\/fr\/resources\/impacts-of-a-community-shuttle-van\/","title":{"rendered":"Impacts d'une navette communautaire"},"content":{"rendered":"<p>En travaillant avec des programmes de transport dans tout le pays, nous comprenons l'importance d'options de transport public s\u00fbres, fiables et inclusives telles que les navettes communautaires.<\/p>\n\n\n\n<p>Dans les grands centres, il existe de nombreuses options de transport public, telles que les syst\u00e8mes de transport r\u00e9gionaux, les fournisseurs de services \u00e0 la demande, les soci\u00e9t\u00e9s de covoiturage et les fournisseurs de transport priv\u00e9s. Cela cr\u00e9e des options pour ceux qui choisissent d'utiliser les transports publics et pour ceux qui en font leur seule option.<\/p>\n\n\n\n<h2 class=\"has-background wp-block-heading\" style=\"background-color:#f5f5f5\">Les d\u00e9fis de l'exploitation des navettes communautaires<\/h2>\n\n\n\n<p>Les communaut\u00e9s rurales et isol\u00e9es sont confront\u00e9es \u00e0 des difficult\u00e9s pour mettre en \u0153uvre des programmes de transport public, ce qui n'est pas le cas des centres urbains. Cela s'explique en partie par le fait que la population moins nombreuse ne peut pas s'autofinancer par le biais des tarifs pratiqu\u00e9s par les usagers.&nbsp;<\/p>\n\n\n\n<p>Si l'on ajoute \u00e0 cela que les programmes de financement du gouvernement sont souvent bas\u00e9s sur la taille de la population, cela signifie qu'il y a moins de ressources disponibles pour mettre en \u0153uvre et soutenir les programmes de navettes communautaires.<\/p>\n\n\n\n<p>Chez MoveMobility, nous comprenons ces d\u00e9fis. Nous travaillons avec les communaut\u00e9s pour fournir des <a href=\"https:\/\/www.movemobility.ca\/fr\/fourgons-ram-promaster-accessibles-aux-fauteuils-roulants\/la-serie-p\/ram-promaster-p4\/\">v\u00e9hicules de la navette communautaire<\/a> qui s'accompagnent d'une r\u00e9duction des co\u00fbts d'acquisition, de carburant et d'entretien. Nos navettes communautaires n'ont pas besoin d'une licence sp\u00e9cialis\u00e9e pour fonctionner, ce qui signifie g\u00e9n\u00e9ralement une \u00e9conomie sur les co\u00fbts de main-d'\u0153uvre.&nbsp;<\/p>\n\n\n\n<p>Ces \u00e9conomies font souvent la diff\u00e9rence dans la capacit\u00e9 \u00e0 lancer et \u00e0 maintenir un programme de navettes communautaires. Lors des consultations avec les clients, nous sommes souvent impressionn\u00e9s par ceux qui travaillent sans rel\u00e2che pour s'assurer que le service de navette communautaire est disponible pour ceux qui en d\u00e9pendent. Ils nous disent souvent qu'ils sont motiv\u00e9s par ce travail parce qu'ils savent \u00e0 quel point la navette communautaire est importante pour ceux qui en d\u00e9pendent.<\/p>\n\n\n\n<figure class=\"wp-block-image size-full\"><img fetchpriority=\"high\" decoding=\"async\" width=\"640\" height=\"427\" src=\"https:\/\/www.movemobility.ca\/wp-content\/uploads\/2022\/01\/P4-Side-Entry-Accessible-Van-15.jpg\" alt=\"P4 Fourgon \u00e0 acc\u00e8s lat\u00e9ral converti par MoveMobility\" class=\"wp-image-88684\" srcset=\"https:\/\/www.movemobility.ca\/wp-content\/uploads\/2022\/01\/P4-Side-Entry-Accessible-Van-15.jpg 640w, https:\/\/www.movemobility.ca\/wp-content\/uploads\/2022\/01\/P4-Side-Entry-Accessible-Van-15-400x267.jpg 400w\" sizes=\"(max-width: 640px) 100vw, 640px\" \/><figcaption class=\"wp-element-caption\">Les fourgons accessibles aux fauteuils roulants, comme le P4, sont souvent utilis\u00e9s pour les programmes de navettes communautaires.<\/figcaption><\/figure>\n\n\n\n<div style=\"height:20px\" aria-hidden=\"true\" class=\"wp-block-spacer\"><\/div>\n\n\n\n<h2 class=\"has-background wp-block-heading\" style=\"background-color:#f5f5f5\">Commentaires des utilisateurs de la navette communautaire<\/h2>\n\n\n\n<p>Nous avons \u00e9t\u00e9 tellement inspir\u00e9s par l'engagement de nos clients envers les membres des communaut\u00e9s qu'ils desservent que nous avons pens\u00e9 qu'il nous serait utile d'entendre directement ce que la navette communautaire signifie pour ceux qui en d\u00e9pendent. Dans cet esprit, nous avons rencontr\u00e9 trois utilisateurs de navettes communautaires dans diff\u00e9rentes r\u00e9gions du pays pour en savoir plus.&nbsp;<\/p>\n\n\n\n<figure class=\"wp-block-image size-full is-resized\"><img decoding=\"async\" data-src=\"https:\/\/www.movemobility.ca\/wp-content\/uploads\/2021\/12\/elderly-woman-in-wheelchair-with-caregivers.jpeg\" alt=\"Femme \u00e2g\u00e9e en fauteuil roulant prise en charge par une \u00e9quipe du service de transport\" class=\"wp-image-86158 lazyload\" width=\"640\" src=\"data:image\/svg+xml;base64,PHN2ZyB3aWR0aD0iMSIgaGVpZ2h0PSIxIiB4bWxucz0iaHR0cDovL3d3dy53My5vcmcvMjAwMC9zdmciPjwvc3ZnPg==\" \/><figcaption class=\"wp-element-caption\">Les personnes \u00e2g\u00e9es comptent souvent sur les programmes de transport en commun pour se d\u00e9placer en toute s\u00e9curit\u00e9 lorsqu'elles ne peuvent plus conduire.<\/figcaption><\/figure>\n\n\n\n<div style=\"height:20px\" aria-hidden=\"true\" class=\"wp-block-spacer\"><\/div>\n\n\n\n<h3 class=\"has-background wp-block-heading\" style=\"background-color:#f5f5f5\">Des transports fiables dans les communaut\u00e9s rurales<\/h3>\n\n\n\n<p>Nous avons d'abord rencontr\u00e9 \"Fern\", qui vit dans une petite communaut\u00e9 rurale du Manitoba.  Elle utilise la navette communautaire depuis 2019, lorsqu'elle a d\u00e9cid\u00e9 qu'elle n'\u00e9tait plus \u00e0 l'aise pour conduire. Fern \u00e9tait heureuse de partager son exp\u00e9rience avec nous :<\/p>\n\n\n\n<h6 class=\"wp-block-heading\">Q. \"Qu'est-ce qui vous a incit\u00e9 \u00e0 commencer \u00e0 utiliser le service de navette communautaire ?\"<\/h6>\n\n\n\n<p>A. \"J'avais d\u00e9j\u00e0 abandonn\u00e9 la conduite de nuit depuis quelques ann\u00e9es. Puis, j'ai commenc\u00e9 \u00e0 me rendre compte que je n'\u00e9tais pas \u00e0 l'aise pour conduire dans des conditions hivernales, qui peuvent durer la moiti\u00e9 de l'ann\u00e9e ici au Manitoba. Apr\u00e8s avoir r\u00e9fl\u00e9chi, je me suis rendu compte qu'il n'\u00e9tait pas raisonnable pour moi de supporter les co\u00fbts d'entretien et d'assurance d'un v\u00e9hicule que je n'utiliserais que le jour, pendant seulement la moiti\u00e9 de l'ann\u00e9e.\"<\/p>\n\n\n\n<p>\"Ce qui me retenait, c'\u00e9tait les une ou deux fois par mois o\u00f9 je devais me rendre en ville pour des rendez-vous m\u00e9dicaux ou des activit\u00e9s de loisirs. Je savais que notre navette communautaire se rendait r\u00e9guli\u00e8rement en ville\".<\/p>\n\n\n\n<p>\"J'ai pris contact avec eux pour conna\u00eetre les possibilit\u00e9s qui s'offraient \u00e0 moi et j'ai \u00e9t\u00e9 agr\u00e9ablement surpris d'apprendre qu'il n'y aurait aucun probl\u00e8me pour me rendre en ville essentiellement aussi souvent que je le souhaitais. J'ai alors d\u00e9cid\u00e9 de donner ma voiture \u00e0 mon petit-fils et d'arr\u00eater d\u00e9finitivement de conduire.\"&nbsp;<\/p>\n\n\n\n<h6 class=\"wp-block-heading\">Q<em>. \"<\/em>La d\u00e9cision d'abandonner la conduite a-t-elle \u00e9t\u00e9 difficile \u00e0 prendre ?\"<\/h6>\n\n\n\n<p>A. \"Non, pas une fois que j'ai su que je serais capable d'aller l\u00e0 o\u00f9 je devais aller. Je me sentais de moins en moins \u00e0 l'aise au volant chaque ann\u00e9e. Si je devais me rendre en ville alors que les autoroutes ne sont pas bonnes, cela me stresserait et je ne me sentirais pas en s\u00e9curit\u00e9.\"&nbsp;<\/p>\n\n\n\n<h6 class=\"wp-block-heading\">Q. \"Sans la navette communautaire, auriez-vous pu renoncer \u00e0 conduire ?\"<\/h6>\n\n\n\n<p>A. \"Probablement pas, ou si je l'avais fait, j'aurais d\u00fb trouver un autre moyen de me rendre en ville avec ma famille ou mes amis. Je n'aimerais vraiment pas leur demander cela. En g\u00e9n\u00e9ral, il faut compter une demi-journ\u00e9e ou plus pour chaque trajet. Je pense donc que j'aurais probablement continu\u00e9 \u00e0 conduire, mais apr\u00e8s l'hiver dernier, je ne peux m\u00eame pas imaginer \u00e0 quel point cela aurait \u00e9t\u00e9 stressant.<\/p>\n\n\n\n<h6 class=\"wp-block-heading\">Q. \"En quelques mots, pouvez-vous nous dire ce que repr\u00e9sente pour vous le service de navette communautaire ?<\/h6>\n\n\n\n<p>A. \"C'est tellement important pour moi qu'il est difficile de le d\u00e9crire en quelques mots. Je dirais que cela m'a permis de rester ind\u00e9pendante apr\u00e8s avoir abandonn\u00e9 quelque chose qui, je le pensais, me donnait de l'ind\u00e9pendance.\"<\/p>\n\n\n\n<figure class=\"wp-block-image size-full is-resized\"><img decoding=\"async\" data-src=\"https:\/\/www.movemobility.ca\/wp-content\/uploads\/2022\/06\/ram-promaster-side-ramp-loading-onto-curb.jpg\" alt=\"rampe de chargement lat\u00e9rale pour fauteuils roulants sur le trottoir\" class=\"wp-image-102255 lazyload\" width=\"640\" src=\"data:image\/svg+xml;base64,PHN2ZyB3aWR0aD0iMSIgaGVpZ2h0PSIxIiB4bWxucz0iaHR0cDovL3d3dy53My5vcmcvMjAwMC9zdmciPjwvc3ZnPg==\" \/><figcaption class=\"wp-element-caption\">Les fourgonnettes accessibles sont g\u00e9n\u00e9ralement \u00e9quip\u00e9es d'une rampe qui permet aux personnes \u00e0 mobilit\u00e9 r\u00e9duite d'entrer et de sortir de la fourgonnette.<\/figcaption><\/figure>\n\n\n\n<div style=\"height:20px\" aria-hidden=\"true\" class=\"wp-block-spacer\"><\/div>\n\n\n\n<h3 class=\"has-background wp-block-heading\" style=\"background-color:#f5f5f5\">Maintenir l'ind\u00e9pendance avec une navette communautaire<\/h3>\n\n\n\n<p>Ensuite, nous avons eu l'occasion d'entrer en contact avec \"Dale\", originaire d'une communaut\u00e9 rurale de l'Alberta. Dale souffre d'une d\u00e9ficience visuelle et compte sur le service de navette de sa communaut\u00e9 depuis qu'il existe.&nbsp;<\/p>\n\n\n\n<h6 class=\"wp-block-heading\">Q. \"Pourriez-vous nous dire o\u00f9 vous vous rendez avec la navette communautaire ?\"<\/h6>\n\n\n\n<p>A. \"J'utilise principalement la navette pour me rendre au travail et en revenir. Je l'utilise au moins deux fois par jour, du lundi au vendredi, ainsi que pour rendre visite \u00e0 des amis et \u00e0 la famille et pour faire des courses ou des achats. Je suis presque s\u00fbr d'\u00eatre leur meilleur client !\"<\/p>\n\n\n\n<h6 class=\"wp-block-heading\">Q. \"Comment seriez-vous affect\u00e9 si la navette communautaire n'\u00e9tait plus \u00e0 votre disposition ?\"<\/h6>\n\n\n\n<p>A. \"Ce serait un cauchemar. La navette est ma bou\u00e9e de sauvetage car elle me permet d'\u00eatre ind\u00e9pendante. Je ne pourrais pas vivre ici, c'est s\u00fbr. Je travaille dans une commune voisine, donc il faudrait que je d\u00e9m\u00e9nage ou que je trouve un emploi ici.<\/p>\n\n\n\n<h6 class=\"wp-block-heading\">Q. \"Pouvez-vous nous en dire plus sur l'ind\u00e9pendance que vous \u00eates en mesure d'atteindre en utilisant la navette ?\"<\/h6>\n\n\n\n<p>A. \"Je ne sais pas par o\u00f9 commencer. Il y a tellement de choses. J'ai utilis\u00e9 la navette pour aller \u00e0 l'\u00e9cole, puis elle m'a permis d'accepter mon emploi dans une commune voisine. Sans elle, je n'aurais pu faire ni l'un ni l'autre\".<\/p>\n\n\n\n<p>\"J'aime savoir que je peux r\u00e9server une course et me rendre l\u00e0 o\u00f9 je veux ou dois aller. Cela signifie que je n'ai pas \u00e0 d\u00e9pendre de quelqu'un d'autre et c'est tr\u00e8s important pour moi.<\/p>\n\n\n\n<h6 class=\"wp-block-heading\">Q. En quelques mots, pouvez-vous nous dire ce que repr\u00e9sente pour vous la navette communautaire ?<\/h6>\n\n\n\n<p>A. \"Je peux vous le dire en un mot : c'est l'ind\u00e9pendance.<\/p>\n\n\n\n<figure class=\"wp-block-image size-full\"><img decoding=\"async\" width=\"600\" height=\"350\" data-src=\"https:\/\/www.movemobility.ca\/wp-content\/uploads\/2021\/12\/elderly-man-in-mobility-transportation-van.jpg\" alt=\"homme \u00e2g\u00e9 dans une camionnette de transport de personnes \u00e0 mobilit\u00e9 r\u00e9duite\" class=\"wp-image-86156 lazyload\" src=\"data:image\/svg+xml;base64,PHN2ZyB3aWR0aD0iMSIgaGVpZ2h0PSIxIiB4bWxucz0iaHR0cDovL3d3dy53My5vcmcvMjAwMC9zdmciPjwvc3ZnPg==\" style=\"--smush-placeholder-width: 600px; --smush-placeholder-aspect-ratio: 600\/350;\" \/><\/figure>\n\n\n\n<div style=\"height:20px\" aria-hidden=\"true\" class=\"wp-block-spacer\"><\/div>\n\n\n\n<h3 class=\"has-background wp-block-heading\" style=\"background-color:#f5f5f5\">Options de navettes communautaires pour les personnes \u00e0 mobilit\u00e9 r\u00e9duite<\/h3>\n\n\n\n<p>Nous avons ensuite rencontr\u00e9 Jacquie. Jacquie utilise la navette communautaire dans sa communaut\u00e9 rurale du sud de l'Ontario. Atteinte d'une forme agressive de scl\u00e9rose en plaques, elle a commenc\u00e9 \u00e0 se d\u00e9placer en fauteuil roulant en 2014.<\/p>\n\n\n\n<h6 class=\"wp-block-heading\">Q. \"Pouvez-vous nous faire part de votre exp\u00e9rience en tant que personne qui utilise pour la premi\u00e8re fois une navette communautaire ?<\/h6>\n\n\n\n<p>&nbsp;A. \"Pour \u00eatre honn\u00eate, je n'\u00e9tais pas tr\u00e8s heureux. Ayant toujours eu mon propre v\u00e9hicule, je tenais pour acquis que je pouvais aller du point A au point B. Au fur et \u00e0 mesure que ma SEP progressait, je pense que j'\u00e9tais dans le d\u00e9ni. J'ai pu rouler avec mon mari pendant quelques ann\u00e9es parce qu'il m'aidait \u00e0 monter et \u00e0 descendre de son v\u00e9hicule. \"<\/p>\n\n\n\n<p>\"Au fil des mois, j'ai eu besoin de plus d'aide pour entrer et sortir, et il a fini par devoir me soulever compl\u00e8tement pour entrer et sortir. Un jour, il s'est fait mal au dos en me soulevant dans la voiture pour aller \u00e0 un rendez-vous. Nous avions besoin d'une autre option rapidement, alors ma fille a contact\u00e9 la navette communautaire et m'a inscrite au programme.\"<\/p>\n\n\n\n<p>\"J'ai accept\u00e9 \u00e0 contrec\u0153ur pour ce seul voyage. C'\u00e9tait il y a huit ans, et je l'utilise toujours\".<\/p>\n\n\n\n<h6 class=\"wp-block-heading\">Q. \"Qu'est-ce qui vous a d\u00e9cid\u00e9 \u00e0 continuer \u00e0 utiliser la navette alors que vous y \u00e9tiez si oppos\u00e9 au d\u00e9part ?\"<\/h6>\n\n\n\n<p>A. \"Je ne peux pas nier que cela a facilit\u00e9 les choses pour tout le monde. Le fait de pouvoir monter et descendre de la camionnette avec mon fauteuil roulant a fait une \u00e9norme diff\u00e9rence. Mon mari et moi avions du mal \u00e0 me faire monter et descendre de sa voiture, alors que la navette est con\u00e7ue pour transporter des fauteuils roulants. Aujourd'hui, je me sens stupide d'avoir \u00e9t\u00e9 si oppos\u00e9e \u00e0 ce syst\u00e8me au d\u00e9but. Avec le recul, je me dis que j'aurais d\u00fb commencer \u00e0 l'utiliser plus t\u00f4t.<\/p>\n\n\n\n<h6 class=\"wp-block-heading\">Q. \"En quelques mots, pourriez-vous nous dire ce que la navette communautaire repr\u00e9sente pour vous aujourd'hui ?\"<\/h6>\n\n\n\n<p>A. \"Cela signifie que je n'ai pas besoin d'\u00e9viter de faire des choses parce que je ne veux pas subir la douleur de monter et de descendre de la voiture. Avant, j'\u00e9vitais d'aller quelque part, sauf si c'\u00e9tait n\u00e9cessaire, \u00e0 cause de la douleur et de la difficult\u00e9 qu'avait mon mari \u00e0 m'aider.<\/p>\n\n\n\n<h2 class=\"has-background wp-block-heading\" style=\"background-color:#f5f5f5\">Impacts de l'accessibilit\u00e9 des transports dans nos communaut\u00e9s<\/h2>\n\n\n\n<p>Entendre directement ce que signifie pour Fern, Dale et Jacquie le fait de disposer d'une navette communautaire a \u00e9t\u00e9 extr\u00eamement puissant pour nous. Il serait inimaginable pour chacun d'entre eux de ne pas pouvoir compter sur ce pr\u00e9cieux service. Nous avons vraiment appr\u00e9ci\u00e9 leur temps et leur franchise, car cela nous a incit\u00e9s \u00e0 continuer \u00e0 trouver des moyens d'aider les collectivit\u00e9s \u00e0 faire en sorte que leurs programmes de navettes communautaires soient rentables et durables.<\/p>\n\n\n\n<p>Si votre collectivit\u00e9 envisage de mettre en place un service de transport accessible aux fauteuils roulants, contactez MoveMobility pour obtenir de l'aide.&nbsp;<\/p>\n\n\n\n<div style=\"height:20px\" aria-hidden=\"true\" class=\"wp-block-spacer\"><\/div>\n\n\n\n<div class=\"wp-block-buttons is-layout-flex wp-block-buttons-is-layout-flex\">\n<div class=\"wp-block-button has-custom-width wp-block-button__width-50\"><a class=\"wp-block-button__link has-white-color has-text-color has-background wp-element-button\" href=\"#request-info-form\" style=\"border-radius:5px;background-color:#8cc63e\">Demande d'information<\/a><\/div>\n<\/div>","protected":false},"excerpt":{"rendered":"<p>Pour mieux comprendre l'impact des navettes communautaires, nous nous sommes entretenus avec un groupe de personnes qui d\u00e9pendent de l'accessibilit\u00e9 des transports en commun pour leur vie quotidienne.<\/p>","protected":false},"author":5,"featured_media":116955,"comment_status":"closed","ping_status":"closed","sticky":false,"template":"","format":"standard","meta":{"content-type":"","footnotes":""},"categories":[2677],"tags":[2582,2588,2587,18],"type-of-project":[],"product-family":[],"the-big-5":[],"section":[],"resource":[],"class_list":["post-105387","post","type-post","status-publish","format-standard","has-post-thumbnail","hentry","category-full-size-whelechair-vans","tag-community-shuttle","tag-handi-transit","tag-shuttle-van","tag-wheelchair-accessible-van"],"yoast_head":"<!-- This site is optimized with the Yoast SEO plugin v27.1.1 - https:\/\/yoast.com\/product\/yoast-seo-wordpress\/ -->\n<title>Impacts Of A Community Shuttle Van | MoveMobility<\/title>\n<meta name=\"description\" content=\"A community shuttle van provides accessible transportation and can have many positive impacts on the population it serves.\" \/>\n<meta name=\"robots\" content=\"index, follow, max-snippet:-1, max-image-preview:large, max-video-preview:-1\" \/>\n<link rel=\"canonical\" href=\"https:\/\/movemobility.ca\/resources\/impacts-of-a-community-shuttle-van\/\" \/>\n<meta property=\"og:locale\" content=\"fr_CA\" \/>\n<meta property=\"og:type\" content=\"article\" \/>\n<meta property=\"og:title\" content=\"Impacts Of A Community Shuttle Van | MoveMobility\" \/>\n<meta property=\"og:description\" content=\"A community shuttle van provides accessible transportation and can have many positive impacts on the population it serves.\" \/>\n<meta property=\"og:url\" content=\"https:\/\/movemobility.ca\/resources\/impacts-of-a-community-shuttle-van\/\" \/>\n<meta property=\"og:site_name\" content=\"MoveMobility\" \/>\n<meta property=\"article:publisher\" content=\"https:\/\/www.facebook.com\/mobilitymove\/\" \/>\n<meta property=\"article:published_time\" content=\"2022-07-08T18:50:46+00:00\" \/>\n<meta property=\"article:modified_time\" content=\"2022-11-30T19:15:41+00:00\" \/>\n<meta property=\"og:image\" content=\"https:\/\/movemobility.ca\/wp-content\/uploads\/2022\/09\/P-Series-ultimate-conversion-Ram-Promaster.jpg\" \/>\n\t<meta property=\"og:image:width\" content=\"640\" \/>\n\t<meta property=\"og:image:height\" content=\"427\" \/>\n\t<meta property=\"og:image:type\" content=\"image\/jpeg\" \/>\n<meta name=\"author\" content=\"MoveMobility Admin\" \/>\n<meta name=\"twitter:card\" content=\"summary_large_image\" \/>\n<meta name=\"twitter:creator\" content=\"@mobility_move\" \/>\n<meta name=\"twitter:site\" content=\"@mobility_move\" \/>\n<meta name=\"twitter:label1\" content=\"\u00c9crit par\" \/>\n\t<meta name=\"twitter:data1\" content=\"MoveMobility Admin\" \/>\n\t<meta name=\"twitter:label2\" content=\"Estimation du temps de lecture\" \/>\n\t<meta name=\"twitter:data2\" content=\"8 minutes\" \/>\n<script type=\"application\/ld+json\" class=\"yoast-schema-graph\">{\"@context\":\"https:\/\/schema.org\",\"@graph\":[{\"@type\":\"Article\",\"@id\":\"https:\/\/movemobility.ca\/resources\/impacts-of-a-community-shuttle-van\/#article\",\"isPartOf\":{\"@id\":\"https:\/\/movemobility.ca\/resources\/impacts-of-a-community-shuttle-van\/\"},\"author\":{\"name\":\"MoveMobility Admin\",\"@id\":\"https:\/\/movemobility.ca\/#\/schema\/person\/266176ed8af030b47c07785172b805b8\"},\"headline\":\"Impacts of a Community Shuttle Van\",\"datePublished\":\"2022-07-08T18:50:46+00:00\",\"dateModified\":\"2022-11-30T19:15:41+00:00\",\"mainEntityOfPage\":{\"@id\":\"https:\/\/movemobility.ca\/resources\/impacts-of-a-community-shuttle-van\/\"},\"wordCount\":1582,\"publisher\":{\"@id\":\"https:\/\/movemobility.ca\/#organization\"},\"image\":{\"@id\":\"https:\/\/movemobility.ca\/resources\/impacts-of-a-community-shuttle-van\/#primaryimage\"},\"thumbnailUrl\":\"https:\/\/www.movemobility.ca\/wp-content\/uploads\/2022\/09\/P-Series-ultimate-conversion-Ram-Promaster.jpg\",\"keywords\":[\"community shuttle\",\"handi transit\",\"shuttle van\",\"wheelchair accessible van\"],\"articleSection\":[\"Full Size Wheelchair Vans\"],\"inLanguage\":\"fr-CA\"},{\"@type\":\"WebPage\",\"@id\":\"https:\/\/movemobility.ca\/resources\/impacts-of-a-community-shuttle-van\/\",\"url\":\"https:\/\/movemobility.ca\/resources\/impacts-of-a-community-shuttle-van\/\",\"name\":\"Impacts Of A Community Shuttle Van | MoveMobility\",\"isPartOf\":{\"@id\":\"https:\/\/movemobility.ca\/#website\"},\"primaryImageOfPage\":{\"@id\":\"https:\/\/movemobility.ca\/resources\/impacts-of-a-community-shuttle-van\/#primaryimage\"},\"image\":{\"@id\":\"https:\/\/movemobility.ca\/resources\/impacts-of-a-community-shuttle-van\/#primaryimage\"},\"thumbnailUrl\":\"https:\/\/www.movemobility.ca\/wp-content\/uploads\/2022\/09\/P-Series-ultimate-conversion-Ram-Promaster.jpg\",\"datePublished\":\"2022-07-08T18:50:46+00:00\",\"dateModified\":\"2022-11-30T19:15:41+00:00\",\"description\":\"A community shuttle van provides accessible transportation and can have many positive impacts on the population it serves.\",\"breadcrumb\":{\"@id\":\"https:\/\/movemobility.ca\/resources\/impacts-of-a-community-shuttle-van\/#breadcrumb\"},\"inLanguage\":\"fr-CA\",\"potentialAction\":[{\"@type\":\"ReadAction\",\"target\":[\"https:\/\/movemobility.ca\/resources\/impacts-of-a-community-shuttle-van\/\"]}]},{\"@type\":\"ImageObject\",\"inLanguage\":\"fr-CA\",\"@id\":\"https:\/\/movemobility.ca\/resources\/impacts-of-a-community-shuttle-van\/#primaryimage\",\"url\":\"https:\/\/www.movemobility.ca\/wp-content\/uploads\/2022\/09\/P-Series-ultimate-conversion-Ram-Promaster.jpg\",\"contentUrl\":\"https:\/\/www.movemobility.ca\/wp-content\/uploads\/2022\/09\/P-Series-ultimate-conversion-Ram-Promaster.jpg\",\"width\":640,\"height\":427,\"caption\":\"Patent pending\"},{\"@type\":\"BreadcrumbList\",\"@id\":\"https:\/\/movemobility.ca\/resources\/impacts-of-a-community-shuttle-van\/#breadcrumb\",\"itemListElement\":[{\"@type\":\"ListItem\",\"position\":1,\"name\":\"Wheelchair Accessible Vans &amp; Medical Vehicles\",\"item\":\"https:\/\/www.movemobility.ca\/\"},{\"@type\":\"ListItem\",\"position\":2,\"name\":\"Impacts of a Community Shuttle Van\"}]},{\"@type\":\"WebSite\",\"@id\":\"https:\/\/movemobility.ca\/#website\",\"url\":\"https:\/\/movemobility.ca\/\",\"name\":\"MoveMobility\",\"description\":\"Wheelchair Accessible Vans &amp; Medical Vehicles\",\"publisher\":{\"@id\":\"https:\/\/movemobility.ca\/#organization\"},\"potentialAction\":[{\"@type\":\"SearchAction\",\"target\":{\"@type\":\"EntryPoint\",\"urlTemplate\":\"https:\/\/movemobility.ca\/?s={search_term_string}\"},\"query-input\":{\"@type\":\"PropertyValueSpecification\",\"valueRequired\":true,\"valueName\":\"search_term_string\"}}],\"inLanguage\":\"fr-CA\"},{\"@type\":\"Organization\",\"@id\":\"https:\/\/movemobility.ca\/#organization\",\"name\":\"MoveMobility\",\"url\":\"https:\/\/movemobility.ca\/\",\"logo\":{\"@type\":\"ImageObject\",\"inLanguage\":\"fr-CA\",\"@id\":\"https:\/\/movemobility.ca\/#\/schema\/logo\/image\/\",\"url\":\"https:\/\/www.movemobility.ca\/wp-content\/uploads\/2021\/06\/MM_logo_Stacked-LG.png\",\"contentUrl\":\"https:\/\/www.movemobility.ca\/wp-content\/uploads\/2021\/06\/MM_logo_Stacked-LG.png\",\"width\":444,\"height\":114,\"caption\":\"MoveMobility\"},\"image\":{\"@id\":\"https:\/\/movemobility.ca\/#\/schema\/logo\/image\/\"},\"sameAs\":[\"https:\/\/www.facebook.com\/mobilitymove\/\",\"https:\/\/x.com\/mobility_move\",\"https:\/\/www.linkedin.com\/company\/3961770\/\",\"https:\/\/www.youtube.com\/channel\/UCiW-UIxjD6wjjX-7KS4z22g\/\"]},{\"@type\":\"Person\",\"@id\":\"https:\/\/movemobility.ca\/#\/schema\/person\/266176ed8af030b47c07785172b805b8\",\"name\":\"MoveMobility Admin\",\"image\":{\"@type\":\"ImageObject\",\"inLanguage\":\"fr-CA\",\"@id\":\"https:\/\/movemobility.ca\/#\/schema\/person\/image\/\",\"url\":\"https:\/\/www.movemobility.ca\/wp-content\/wphb-cache\/gravatar\/a17\/a1745396a51c1eb003ec786d37fd69c6x96.jpg\",\"contentUrl\":\"https:\/\/www.movemobility.ca\/wp-content\/wphb-cache\/gravatar\/a17\/a1745396a51c1eb003ec786d37fd69c6x96.jpg\",\"caption\":\"MoveMobility Admin\"}}]}<\/script>\n<!-- \/ Yoast SEO plugin. -->","yoast_head_json":{"title":"Impacts d'une navette communautaire | MoveMobility","description":"Une navette communautaire fournit un moyen de transport accessible et peut avoir de nombreux effets positifs sur la population qu'elle dessert.","robots":{"index":"index","follow":"follow","max-snippet":"max-snippet:-1","max-image-preview":"max-image-preview:large","max-video-preview":"max-video-preview:-1"},"canonical":"https:\/\/movemobility.ca\/resources\/impacts-of-a-community-shuttle-van\/","og_locale":"fr_CA","og_type":"article","og_title":"Impacts Of A Community Shuttle Van | MoveMobility","og_description":"A community shuttle van provides accessible transportation and can have many positive impacts on the population it serves.","og_url":"https:\/\/movemobility.ca\/resources\/impacts-of-a-community-shuttle-van\/","og_site_name":"MoveMobility","article_publisher":"https:\/\/www.facebook.com\/mobilitymove\/","article_published_time":"2022-07-08T18:50:46+00:00","article_modified_time":"2022-11-30T19:15:41+00:00","og_image":[{"width":640,"height":427,"url":"https:\/\/movemobility.ca\/wp-content\/uploads\/2022\/09\/P-Series-ultimate-conversion-Ram-Promaster.jpg","type":"image\/jpeg"}],"author":"MoveMobility Admin","twitter_card":"summary_large_image","twitter_creator":"@mobility_move","twitter_site":"@mobility_move","twitter_misc":{"\u00c9crit par":"MoveMobility Admin","Estimation du temps de lecture":"8 minutes"},"schema":{"@context":"https:\/\/schema.org","@graph":[{"@type":"Article","@id":"https:\/\/movemobility.ca\/resources\/impacts-of-a-community-shuttle-van\/#article","isPartOf":{"@id":"https:\/\/movemobility.ca\/resources\/impacts-of-a-community-shuttle-van\/"},"author":{"name":"MoveMobility Admin","@id":"https:\/\/movemobility.ca\/#\/schema\/person\/266176ed8af030b47c07785172b805b8"},"headline":"Impacts of a Community Shuttle Van","datePublished":"2022-07-08T18:50:46+00:00","dateModified":"2022-11-30T19:15:41+00:00","mainEntityOfPage":{"@id":"https:\/\/movemobility.ca\/resources\/impacts-of-a-community-shuttle-van\/"},"wordCount":1582,"publisher":{"@id":"https:\/\/movemobility.ca\/#organization"},"image":{"@id":"https:\/\/movemobility.ca\/resources\/impacts-of-a-community-shuttle-van\/#primaryimage"},"thumbnailUrl":"https:\/\/www.movemobility.ca\/wp-content\/uploads\/2022\/09\/P-Series-ultimate-conversion-Ram-Promaster.jpg","keywords":["community shuttle","handi transit","shuttle van","wheelchair accessible van"],"articleSection":["Full Size Wheelchair Vans"],"inLanguage":"fr-CA"},{"@type":"WebPage","@id":"https:\/\/movemobility.ca\/resources\/impacts-of-a-community-shuttle-van\/","url":"https:\/\/movemobility.ca\/resources\/impacts-of-a-community-shuttle-van\/","name":"Impacts d'une navette communautaire | MoveMobility","isPartOf":{"@id":"https:\/\/movemobility.ca\/#website"},"primaryImageOfPage":{"@id":"https:\/\/movemobility.ca\/resources\/impacts-of-a-community-shuttle-van\/#primaryimage"},"image":{"@id":"https:\/\/movemobility.ca\/resources\/impacts-of-a-community-shuttle-van\/#primaryimage"},"thumbnailUrl":"https:\/\/www.movemobility.ca\/wp-content\/uploads\/2022\/09\/P-Series-ultimate-conversion-Ram-Promaster.jpg","datePublished":"2022-07-08T18:50:46+00:00","dateModified":"2022-11-30T19:15:41+00:00","description":"Une navette communautaire fournit un moyen de transport accessible et peut avoir de nombreux effets positifs sur la population qu'elle dessert.","breadcrumb":{"@id":"https:\/\/movemobility.ca\/resources\/impacts-of-a-community-shuttle-van\/#breadcrumb"},"inLanguage":"fr-CA","potentialAction":[{"@type":"ReadAction","target":["https:\/\/movemobility.ca\/resources\/impacts-of-a-community-shuttle-van\/"]}]},{"@type":"ImageObject","inLanguage":"fr-CA","@id":"https:\/\/movemobility.ca\/resources\/impacts-of-a-community-shuttle-van\/#primaryimage","url":"https:\/\/www.movemobility.ca\/wp-content\/uploads\/2022\/09\/P-Series-ultimate-conversion-Ram-Promaster.jpg","contentUrl":"https:\/\/www.movemobility.ca\/wp-content\/uploads\/2022\/09\/P-Series-ultimate-conversion-Ram-Promaster.jpg","width":640,"height":427,"caption":"Patent pending"},{"@type":"BreadcrumbList","@id":"https:\/\/movemobility.ca\/resources\/impacts-of-a-community-shuttle-van\/#breadcrumb","itemListElement":[{"@type":"ListItem","position":1,"name":"Wheelchair Accessible Vans &amp; Medical Vehicles","item":"https:\/\/www.movemobility.ca\/"},{"@type":"ListItem","position":2,"name":"Impacts of a Community Shuttle Van"}]},{"@type":"WebSite","@id":"https:\/\/movemobility.ca\/#website","url":"https:\/\/movemobility.ca\/","name":"MoveMobility","description":"Fourgons et v\u00e9hicules m\u00e9dicaux accessibles aux fauteuils roulants","publisher":{"@id":"https:\/\/movemobility.ca\/#organization"},"potentialAction":[{"@type":"SearchAction","target":{"@type":"EntryPoint","urlTemplate":"https:\/\/movemobility.ca\/?s={search_term_string}"},"query-input":{"@type":"PropertyValueSpecification","valueRequired":true,"valueName":"search_term_string"}}],"inLanguage":"fr-CA"},{"@type":"Organization","@id":"https:\/\/movemobility.ca\/#organization","name":"MoveMobility","url":"https:\/\/movemobility.ca\/","logo":{"@type":"ImageObject","inLanguage":"fr-CA","@id":"https:\/\/movemobility.ca\/#\/schema\/logo\/image\/","url":"https:\/\/www.movemobility.ca\/wp-content\/uploads\/2021\/06\/MM_logo_Stacked-LG.png","contentUrl":"https:\/\/www.movemobility.ca\/wp-content\/uploads\/2021\/06\/MM_logo_Stacked-LG.png","width":444,"height":114,"caption":"MoveMobility"},"image":{"@id":"https:\/\/movemobility.ca\/#\/schema\/logo\/image\/"},"sameAs":["https:\/\/www.facebook.com\/mobilitymove\/","https:\/\/x.com\/mobility_move","https:\/\/www.linkedin.com\/company\/3961770\/","https:\/\/www.youtube.com\/channel\/UCiW-UIxjD6wjjX-7KS4z22g\/"]},{"@type":"Person","@id":"https:\/\/movemobility.ca\/#\/schema\/person\/266176ed8af030b47c07785172b805b8","name":"MoveMobility Admin","image":{"@type":"ImageObject","inLanguage":"fr-CA","@id":"https:\/\/movemobility.ca\/#\/schema\/person\/image\/","url":"https:\/\/www.movemobility.ca\/wp-content\/wphb-cache\/gravatar\/a17\/a1745396a51c1eb003ec786d37fd69c6x96.jpg","contentUrl":"https:\/\/www.movemobility.ca\/wp-content\/wphb-cache\/gravatar\/a17\/a1745396a51c1eb003ec786d37fd69c6x96.jpg","caption":"MoveMobility Admin"}}]}},"_links":{"self":[{"href":"https:\/\/www.movemobility.ca\/fr\/wp-json\/wp\/v2\/posts\/105387","targetHints":{"allow":["GET"]}}],"collection":[{"href":"https:\/\/www.movemobility.ca\/fr\/wp-json\/wp\/v2\/posts"}],"about":[{"href":"https:\/\/www.movemobility.ca\/fr\/wp-json\/wp\/v2\/types\/post"}],"author":[{"embeddable":true,"href":"https:\/\/www.movemobility.ca\/fr\/wp-json\/wp\/v2\/users\/5"}],"replies":[{"embeddable":true,"href":"https:\/\/www.movemobility.ca\/fr\/wp-json\/wp\/v2\/comments?post=105387"}],"version-history":[{"count":0,"href":"https:\/\/www.movemobility.ca\/fr\/wp-json\/wp\/v2\/posts\/105387\/revisions"}],"wp:featuredmedia":[{"embeddable":true,"href":"https:\/\/www.movemobility.ca\/fr\/wp-json\/wp\/v2\/media\/116955"}],"wp:attachment":[{"href":"https:\/\/www.movemobility.ca\/fr\/wp-json\/wp\/v2\/media?parent=105387"}],"wp:term":[{"taxonomy":"category","embeddable":true,"href":"https:\/\/www.movemobility.ca\/fr\/wp-json\/wp\/v2\/categories?post=105387"},{"taxonomy":"post_tag","embeddable":true,"href":"https:\/\/www.movemobility.ca\/fr\/wp-json\/wp\/v2\/tags?post=105387"},{"taxonomy":"type-of-project","embeddable":true,"href":"https:\/\/www.movemobility.ca\/fr\/wp-json\/wp\/v2\/type-of-project?post=105387"},{"taxonomy":"product-family","embeddable":true,"href":"https:\/\/www.movemobility.ca\/fr\/wp-json\/wp\/v2\/product-family?post=105387"},{"taxonomy":"the-big-5","embeddable":true,"href":"https:\/\/www.movemobility.ca\/fr\/wp-json\/wp\/v2\/the-big-5?post=105387"},{"taxonomy":"section","embeddable":true,"href":"https:\/\/www.movemobility.ca\/fr\/wp-json\/wp\/v2\/section?post=105387"},{"taxonomy":"resource","embeddable":true,"href":"https:\/\/www.movemobility.ca\/fr\/wp-json\/wp\/v2\/resource?post=105387"}],"curies":[{"name":"wp","href":"https:\/\/api.w.org\/{rel}","templated":true}]}}